{"id":71042,"date":"2023-05-16T12:22:11","date_gmt":"2023-05-16T18:22:11","guid":{"rendered":"https:\/\/megavision.com.sv\/?p=71042"},"modified":"2023-05-16T12:22:13","modified_gmt":"2023-05-16T18:22:13","slug":"arena-aspira-tener-25-diputados-en-la-asamblea-legislativa","status":"publish","type":"post","link":"https:\/\/megavision.com.sv\/web\/arena-aspira-tener-25-diputados-en-la-asamblea-legislativa\/","title":{"rendered":"ARENA aspira tener 25 diputados en la Asamblea Legislativa"},"content":{"rendered":"\n<p><em>Est\u00e9fany Henr\u00edquez<\/em><\/p>\n\n\n\n<p>El presidente de ARENA, Carlos Saade, asegur\u00f3 que el partido est\u00e1 listo para participar en los pr\u00f3ximos comicios del 2024.\u00a0Saade dijo en Pulso Ciudadano que apoyar\u00e1n a un candidato presidencial de la sociedad civil, y agreg\u00f3 que aspiran a 25 diputados en la Asamblea Legislativa y entre 125 y 150 concejos municipales.<\/p>\n\n\n\n<iframe loading=\"lazy\" src=\"https:\/\/www.facebook.com\/plugins\/video.php?href=https%3A%2F%2Fwww.facebook.com%2Ftelenoticias21%2Fvideos%2F246143137933360%2F&#038;width=700&#038;show_text=false&#038;appId=564175333936552&#038;height=394\" width=\"700\" height=\"394\" style=\"border:none;overflow:hidden\" scrolling=\"no\" frameborder=\"0\" allowfullscreen=\"true\" allow=\"autoplay; clipboard-write; encrypted-media; picture-in-picture; web-share\" allowFullScreen=\"true\"><\/iframe>\n\n\n\n<p>A la media noche venci\u00f3 el plazo estipulado por el partido para recibir la solicitud de los candidatos que participar\u00e1n en los comicios internos.<\/p>\n\n\n\n<p>El partido tricolor se muestra optimista para participar en todas las elecciones del 2024,&nbsp;seg\u00fan el titular del partido. El instituto pol\u00edtico realizar\u00e1 sus elecciones internas el 2 de julio.<\/p>\n\n\n\n<p>Sobre las declaraciones, que recientemente hizo el diputado de ARENA en el Parlamento Centroamericano, David Reyes, Saade no tard\u00f3 en reaccionar.<\/p>\n\n\n\n<p>Sobre el trabajo del Tribunal Supremo Electoral, Saade dijo que todav\u00eda tiene cierta confianza porque hay gente preparada frente al ente colegiado.<\/p>\n\n\n\n<p>En cuanto a la posible reducci\u00f3n de municipios, el titular de ARENA dijo que es una situaci\u00f3n que le preocupa porque las comunidades ser\u00edan las m\u00e1s afectadas por la falta de proyectos de desarrollo.<\/p>\n","protected":false},"excerpt":{"rendered":"<p>El presidente de ARENA, Carlos Saade, asegur\u00f3 que el partido est\u00e1 listo para participar en los pr\u00f3ximos comicios del 2024.\u00a0<\/p>\n","protected":false},"author":5,"featured_media":0,"comment_status":"closed","ping_status":"closed","sticky":false,"template":"","format":"standard","meta":{"footnotes":""},"categories":[26],"tags":[795,740,108],"class_list":["post-71042","post","type-post","status-publish","format-standard","hentry","category-noticias","tag-arena","tag-politica","tag-pulso-ciudadano"],"_links":{"self":[{"href":"https:\/\/megavision.com.sv\/web\/wp-json\/wp\/v2\/posts\/71042","targetHints":{"allow":["GET"]}}],"collection":[{"href":"https:\/\/megavision.com.sv\/web\/wp-json\/wp\/v2\/posts"}],"about":[{"href":"https:\/\/megavision.com.sv\/web\/wp-json\/wp\/v2\/types\/post"}],"author":[{"embeddable":true,"href":"https:\/\/megavision.com.sv\/web\/wp-json\/wp\/v2\/users\/5"}],"replies":[{"embeddable":true,"href":"https:\/\/megavision.com.sv\/web\/wp-json\/wp\/v2\/comments?post=71042"}],"version-history":[{"count":1,"href":"https:\/\/megavision.com.sv\/web\/wp-json\/wp\/v2\/posts\/71042\/revisions"}],"predecessor-version":[{"id":71049,"href":"https:\/\/megavision.com.sv\/web\/wp-json\/wp\/v2\/posts\/71042\/revisions\/71049"}],"wp:attachment":[{"href":"https:\/\/megavision.com.sv\/web\/wp-json\/wp\/v2\/media?parent=71042"}],"wp:term":[{"taxonomy":"category","embeddable":true,"href":"https:\/\/megavision.com.sv\/web\/wp-json\/wp\/v2\/categories?post=71042"},{"taxonomy":"post_tag","embeddable":true,"href":"https:\/\/megavision.com.sv\/web\/wp-json\/wp\/v2\/tags?post=71042"}],"curies":[{"name":"wp","href":"https:\/\/api.w.org\/{rel}","templated":true}]}}