{"id":70695,"date":"2023-05-11T12:36:47","date_gmt":"2023-05-11T18:36:47","guid":{"rendered":"https:\/\/megavision.com.sv\/?p=70695"},"modified":"2023-05-11T12:36:49","modified_gmt":"2023-05-11T18:36:49","slug":"reportan-incremento-de-casos-de-gripe-causado-por-el-virus-de-la-influenza","status":"publish","type":"post","link":"https:\/\/megavision.com.sv\/web\/reportan-incremento-de-casos-de-gripe-causado-por-el-virus-de-la-influenza\/","title":{"rendered":"Reportan incremento de casos de gripe causado por el virus de la influenza"},"content":{"rendered":"\n<p><em>Javier Ponce<\/em><\/p>\n\n\n\n<p>Seg\u00fan declar\u00f3 a la prensa el infect\u00f3logo, Ivan Solano, el mes de abril de 2023, cerr\u00f3 con un alza\u00a0en casos de influenza, y explic\u00f3 que es el principal virus que circula en el pa\u00eds. Solano explic\u00f3 que a se ha observado un brote de gripe causado por el virus de la influenza, la cual produce s\u00edntomas como dolor de cabeza, fiebre y congesti\u00f3n nasal.<\/p>\n\n\n\n<p>Seg\u00fan el m\u00e9dico, una de las causas de este aumento de casos se debe a que la poblaci\u00f3n no est\u00e1 cumpliendo en aplicarse la vacuna de la influenza una vez al a\u00f1o y por bajar la guardia con las medidas de bioseguridad en contra del covid-19.<\/p>\n\n\n\n<p>El especialista declar\u00f3 que pese a que la Organizaci\u00f3n Mundial de la Salud (OMS) declar\u00f3 como &#8220;terminada&#8221; emergencia sanitaria del coronavirus, esta no se ha terminado. Explic\u00f3 que la enfermedad ha llegado a niveles que se ha controlado, sin embargo &#8220;siempre existe&#8221;.<\/p>\n\n\n\n<p>Adem\u00e1s Solano mencion\u00f3 cu\u00e1les son los grupos de personas m\u00e1s vulnerables, cuando adquieren una enfermedad respiratoria.<\/p>\n\n\n\n<figure class=\"wp-block-embed is-type-rich is-provider-twitter wp-block-embed-twitter\"><div class=\"wp-block-embed__wrapper\">\n<blockquote class=\"twitter-tweet\" data-width=\"550\" data-dnt=\"true\"><p lang=\"es\" dir=\"ltr\">El Infect\u00f3logo, Ivan Solano, asegur\u00f3 que hasta el cierre de abril, los casos de enfermedades respiratorias incrementaron por la falta de cumplimento a las medidas de bioseguridad y por no cumplir el esquema de vacunaci\u00f3n.<br><br>V\u00eda: <a href=\"https:\/\/twitter.com\/javierponcetv?ref_src=twsrc%5Etfw\">@javierponcetv<\/a> <a href=\"https:\/\/t.co\/V7IPPgmyYw\">pic.twitter.com\/V7IPPgmyYw<\/a><\/p>&mdash; Meganoticias 19 Digital (@Meganoticias19) <a href=\"https:\/\/twitter.com\/Meganoticias19\/status\/1656658810696798211?ref_src=twsrc%5Etfw\">May 11, 2023<\/a><\/blockquote><script async src=\"https:\/\/platform.twitter.com\/widgets.js\" charset=\"utf-8\"><\/script>\n<\/div><\/figure>\n\n\n\n<p>Por su parte el director de FOSALUD, tiene otra versi\u00f3n en relaci\u00f3n&nbsp;a los casos de enfermedades respiratorias.<\/p>\n\n\n\n<p>N\u00fa\u00f1ez insto a la poblaci\u00f3n a no bajar la guardia con el uso de la mascarilla, utilizar alcohol en gel y el lavado de\u00a0manos. Asimismo, resalt\u00f3 el manejo de la pandemia de parte de las autoridades de salud en el pa\u00eds. &#8220;El Salvador figura en el top 5 de pa\u00edses con buen manejo de la pandemia, sin duda la poblaci\u00f3n est\u00e1 satisfecha por c\u00f3mo se ha manejado la situaci\u00f3n&#8221;, se\u00f1al\u00f3.<\/p>\n","protected":false},"excerpt":{"rendered":"<p>Seg\u00fan declar\u00f3 a la prensa el infect\u00f3logo, Ivan Solano, el mes de abril de 2023, cerr\u00f3 con un alza\u00a0en casos de influenza, y explic\u00f3 que es el principal virus que circula en el pa\u00eds. Solano explic\u00f3 que a se ha observado un brote de gripe causado por el virus de la influenza, la cual produce s\u00edntomas como dolor de cabeza, fiebre y congesti\u00f3n nasal.<\/p>\n","protected":false},"author":5,"featured_media":0,"comment_status":"closed","ping_status":"closed","sticky":false,"template":"","format":"standard","meta":{"footnotes":""},"categories":[26],"tags":[72,6491,233],"class_list":["post-70695","post","type-post","status-publish","format-standard","hentry","category-noticias","tag-covid-19","tag-enfermedades-respiratorias","tag-salud"],"_links":{"self":[{"href":"https:\/\/megavision.com.sv\/web\/wp-json\/wp\/v2\/posts\/70695","targetHints":{"allow":["GET"]}}],"collection":[{"href":"https:\/\/megavision.com.sv\/web\/wp-json\/wp\/v2\/posts"}],"about":[{"href":"https:\/\/megavision.com.sv\/web\/wp-json\/wp\/v2\/types\/post"}],"author":[{"embeddable":true,"href":"https:\/\/megavision.com.sv\/web\/wp-json\/wp\/v2\/users\/5"}],"replies":[{"embeddable":true,"href":"https:\/\/megavision.com.sv\/web\/wp-json\/wp\/v2\/comments?post=70695"}],"version-history":[{"count":1,"href":"https:\/\/megavision.com.sv\/web\/wp-json\/wp\/v2\/posts\/70695\/revisions"}],"predecessor-version":[{"id":70707,"href":"https:\/\/megavision.com.sv\/web\/wp-json\/wp\/v2\/posts\/70695\/revisions\/70707"}],"wp:attachment":[{"href":"https:\/\/megavision.com.sv\/web\/wp-json\/wp\/v2\/media?parent=70695"}],"wp:term":[{"taxonomy":"category","embeddable":true,"href":"https:\/\/megavision.com.sv\/web\/wp-json\/wp\/v2\/categories?post=70695"},{"taxonomy":"post_tag","embeddable":true,"href":"https:\/\/megavision.com.sv\/web\/wp-json\/wp\/v2\/tags?post=70695"}],"curies":[{"name":"wp","href":"https:\/\/api.w.org\/{rel}","templated":true}]}}