{"id":69665,"date":"2023-04-26T14:57:15","date_gmt":"2023-04-26T20:57:15","guid":{"rendered":"https:\/\/megavision.com.sv\/?p=69665"},"modified":"2023-04-26T14:57:36","modified_gmt":"2023-04-26T20:57:36","slug":"putellas-entra-en-la-convocatoria-del-barca-para-el-duelo-contra-el-chelsea","status":"publish","type":"post","link":"https:\/\/megavision.com.sv\/web\/putellas-entra-en-la-convocatoria-del-barca-para-el-duelo-contra-el-chelsea\/","title":{"rendered":"Putellas entra en la convocatoria del Bar\u00e7a para el duelo contra el Chelsea"},"content":{"rendered":"\n<p><em>AFP<\/em><\/p>\n\n\n\n<p>Diez meses despu\u00e9s de su dura lesi\u00f3n, la dos veces Bal\u00f3n de Oro Alexia Putellas volvi\u00f3 a entrar este mi\u00e9rcoles en una convocatoria del FC Barcelona para afrontar la vuelta de las semifinales de Liga de Campeones contra el Chelsea del jueves (16h45 GMT) en Barcelona.<\/p>\n\n\n\n<p>La internacional espa\u00f1ola se rompi\u00f3 el ligamento cruzado anterior de la rodilla izquierda el 5 de julio de 2022 y no pudo ayudar a su selecci\u00f3n en la Eurocopa-2022 de Inglaterra ni a su club, el Bar\u00e7a, a lo largo de la campa\u00f1a 2022-2023.<\/p>\n\n\n\n<p>La centrocampista de 29 a\u00f1os volvi\u00f3 a entrenar en marzo, pero esta es la primera vez desde su lesi\u00f3n que el entrenador catal\u00e1n Jonathan Gir\u00e1ldez la incluye en su grupo, anunciado en redes sociales.<\/p>\n\n\n\n<p>En la ida, el conjunto catal\u00e1n se impuso por 1-0 en Stamford Bridge pero para el partido de vuelta, no podr\u00e1 contar con Lucy Bronze.<\/p>\n\n\n\n<p>Tocada en la rodilla derecha en la ida, la defensa inglesa se someti\u00f3 a una artroscopia y ser\u00e1 baja varias semanas, anunci\u00f3 el Bar\u00e7a el mi\u00e9rcoles en un comunicado.<\/p>\n\n\n\n<p>&#8220;De muy buen humor despu\u00e9s de mi operaci\u00f3n de rodilla de ayer&#8221;, escribi\u00f3 Bronze en Instagram. &#8220;Nunca es f\u00e1cil quedarse a un lado, pero sigo tan concentrada como siempre para trabajar y volver en plena forma lo m\u00e1s r\u00e1pidamente posible&#8221;, a\u00f1adi\u00f3.<\/p>\n\n\n\n<p>Seg\u00fan las declaraciones de Gir\u00e1ldez de este mi\u00e9rcoles, Bronze &#8220;es una jugadora muy importante pero estar\u00e1 indisponible durante varias semanas&#8221; y su participaci\u00f3n en el Mundial femenino el pr\u00f3ximo mes de julio no est\u00e1 en riesgo.<\/p>\n","protected":false},"excerpt":{"rendered":"<p>AFP Diez meses despu\u00e9s de su dura lesi\u00f3n, la dos veces Bal\u00f3n de Oro Alexia Putellas volvi\u00f3 a entrar este mi\u00e9rcoles en una convocatoria del&hellip; <\/p>\n","protected":false},"author":6,"featured_media":0,"comment_status":"closed","ping_status":"closed","sticky":false,"template":"","format":"standard","meta":{"footnotes":""},"categories":[30],"tags":[1762,1759,256,1579],"class_list":["post-69665","post","type-post","status-publish","format-standard","hentry","category-deportes","tag-alexia-putellas","tag-balon-de-oro","tag-chelsea","tag-fc-barcelona"],"_links":{"self":[{"href":"https:\/\/megavision.com.sv\/web\/wp-json\/wp\/v2\/posts\/69665","targetHints":{"allow":["GET"]}}],"collection":[{"href":"https:\/\/megavision.com.sv\/web\/wp-json\/wp\/v2\/posts"}],"about":[{"href":"https:\/\/megavision.com.sv\/web\/wp-json\/wp\/v2\/types\/post"}],"author":[{"embeddable":true,"href":"https:\/\/megavision.com.sv\/web\/wp-json\/wp\/v2\/users\/6"}],"replies":[{"embeddable":true,"href":"https:\/\/megavision.com.sv\/web\/wp-json\/wp\/v2\/comments?post=69665"}],"version-history":[{"count":1,"href":"https:\/\/megavision.com.sv\/web\/wp-json\/wp\/v2\/posts\/69665\/revisions"}],"predecessor-version":[{"id":69667,"href":"https:\/\/megavision.com.sv\/web\/wp-json\/wp\/v2\/posts\/69665\/revisions\/69667"}],"wp:attachment":[{"href":"https:\/\/megavision.com.sv\/web\/wp-json\/wp\/v2\/media?parent=69665"}],"wp:term":[{"taxonomy":"category","embeddable":true,"href":"https:\/\/megavision.com.sv\/web\/wp-json\/wp\/v2\/categories?post=69665"},{"taxonomy":"post_tag","embeddable":true,"href":"https:\/\/megavision.com.sv\/web\/wp-json\/wp\/v2\/tags?post=69665"}],"curies":[{"name":"wp","href":"https:\/\/api.w.org\/{rel}","templated":true}]}}