{"id":68485,"date":"2023-04-12T18:02:37","date_gmt":"2023-04-13T00:02:37","guid":{"rendered":"https:\/\/megavision.com.sv\/?p=68485"},"modified":"2023-04-12T18:04:27","modified_gmt":"2023-04-13T00:04:27","slug":"68485-2","status":"publish","type":"post","link":"https:\/\/megavision.com.sv\/web\/68485-2\/","title":{"rendered":"Buscan reducir la brecha digital educativa en comunidades de la regi\u00f3n Trifinio"},"content":{"rendered":"\n<p><em>Karen M\u00e9ndez<\/em><\/p>\n\n\n\n<p>La Vicepresidencia de la Rep\u00fablica y la Organizaci\u00f3n de Estados Iberoamericanos para la Educaci\u00f3n, la Ciencia y la Cultura (OEI) dieron detalles de los convenios firmados entre ambas instituciones.<\/p>\n\n\n\n<p>Como parte de los objetivos de dicho convenio, se busca reducir la brecha digital educativa en las comunidades en situaci\u00f3n de pobreza de la regi\u00f3n Trifinio de El Salvador.<\/p>\n\n\n\n<p>&#8220;Con el proyecto de reducci\u00f3n de la brecha digital, en la zona del Trifinio, intentamos compensar los efectos que se han puesto de manifiesto en la pandemia&#8221;, expres\u00f3 el representante de la OEI, Mariano Jabonero.<\/p>\n\n\n\n<p>Con esta iniciativa se beneficiar\u00e1 a ocho municipios de la zona noroccidental del territorio.<\/p>\n\n\n\n<p>Son ocho municipios en los que se implementa el Plan Trifinio, lugares en zona transfronteriza que tiene la atenci\u00f3n de la comunidad internacional&#8221;, expres\u00f3 el vicepresidente F\u00e9lix Ulloa.<\/p>\n\n\n\n<p>Asimismo, ambas partes esperan incrementar las competencias de los funcionarios p\u00fablicos con las alianzas de cooperaci\u00f3n firmadas con la Escuela Superior de Innovaci\u00f3n de la Administraci\u00f3n P\u00fablica.<\/p>\n\n\n\n<p>Con estos acuerdos el Gobierno de El Salvador pretende mejorar la calidad educativa en el pa\u00eds y cumplir con los objetivos de desarrollo sostenible de la ONU.<\/p>\n","protected":false},"excerpt":{"rendered":"<p>Karen M\u00e9ndez La Vicepresidencia de la Rep\u00fablica y la Organizaci\u00f3n de Estados Iberoamericanos para la Educaci\u00f3n, la Ciencia y la Cultura (OEI) dieron detalles de&hellip; <\/p>\n","protected":false},"author":5,"featured_media":0,"comment_status":"closed","ping_status":"closed","sticky":false,"template":"","format":"standard","meta":{"footnotes":""},"categories":[26],"tags":[3259,5084,5929],"class_list":["post-68485","post","type-post","status-publish","format-standard","hentry","category-noticias","tag-brecha-digital","tag-educacion","tag-vicepresidencia"],"_links":{"self":[{"href":"https:\/\/megavision.com.sv\/web\/wp-json\/wp\/v2\/posts\/68485","targetHints":{"allow":["GET"]}}],"collection":[{"href":"https:\/\/megavision.com.sv\/web\/wp-json\/wp\/v2\/posts"}],"about":[{"href":"https:\/\/megavision.com.sv\/web\/wp-json\/wp\/v2\/types\/post"}],"author":[{"embeddable":true,"href":"https:\/\/megavision.com.sv\/web\/wp-json\/wp\/v2\/users\/5"}],"replies":[{"embeddable":true,"href":"https:\/\/megavision.com.sv\/web\/wp-json\/wp\/v2\/comments?post=68485"}],"version-history":[{"count":3,"href":"https:\/\/megavision.com.sv\/web\/wp-json\/wp\/v2\/posts\/68485\/revisions"}],"predecessor-version":[{"id":68492,"href":"https:\/\/megavision.com.sv\/web\/wp-json\/wp\/v2\/posts\/68485\/revisions\/68492"}],"wp:attachment":[{"href":"https:\/\/megavision.com.sv\/web\/wp-json\/wp\/v2\/media?parent=68485"}],"wp:term":[{"taxonomy":"category","embeddable":true,"href":"https:\/\/megavision.com.sv\/web\/wp-json\/wp\/v2\/categories?post=68485"},{"taxonomy":"post_tag","embeddable":true,"href":"https:\/\/megavision.com.sv\/web\/wp-json\/wp\/v2\/tags?post=68485"}],"curies":[{"name":"wp","href":"https:\/\/api.w.org\/{rel}","templated":true}]}}