{"id":68163,"date":"2023-04-10T11:38:50","date_gmt":"2023-04-10T17:38:50","guid":{"rendered":"https:\/\/megavision.com.sv\/?p=68163"},"modified":"2023-04-10T11:38:51","modified_gmt":"2023-04-10T17:38:51","slug":"cesta-propone-creacion-de-reservas-de-granos-basicos-ante-posibles-crisis","status":"publish","type":"post","link":"https:\/\/megavision.com.sv\/web\/cesta-propone-creacion-de-reservas-de-granos-basicos-ante-posibles-crisis\/","title":{"rendered":"CESTA propone creaci\u00f3n de reservas de granos b\u00e1sicos ante posibles crisis"},"content":{"rendered":"\n<p><em>Luis Mendoza<\/em><\/p>\n\n\n\n<p>Estamos a poco d\u00edas de iniciar el invierno en el pa\u00eds, la vulnerabilidad ante las lluvias es algo que se ha dejado ver en los \u00faltimos a\u00f1os, ya que el fen\u00f3meno de la ni\u00f1a afect\u00f3 la regi\u00f3n durante tres a\u00f1os seguidos.<\/p>\n\n\n\n<p>Pero para este 2023 se espera que se genere el fen\u00f3meno de El Ni\u00f1o, lo que significa menos lluvia y altas temperaturas, que seg\u00fan el presidente de CESTA, Ricardo Navarro, este fen\u00f3meno podr\u00eda generar huracanes de mayor intensidad en el oc\u00e9ano pacifico.<\/p>\n\n\n\n<p>En ese sentido, el presidente de CESTA mencion\u00f3 que las cosechas se podr\u00edan ver afectadas por la sequ\u00eda que se espera con este fen\u00f3meno.<\/p>\n\n\n\n<p>Lo que podr\u00eda generar una crisis alimentaria, por ello, Navarro mencion\u00f3 que las familias salvadore\u00f1as deber\u00edan realizar huertos caseros para que cuenten con alimentos.<\/p>\n\n\n\n<p>Navarro dijo que en el pa\u00eds se deben promover las reversas de granos para que estos puedan ser distribuidos ante las crisis que se pueden generar debido a los fen\u00f3menos naturales y el cambio clim\u00e1tico para que la escasez y altos precios de los alimentos no afectan a las familias salvadore\u00f1os.<\/p>\n","protected":false},"excerpt":{"rendered":"<p>Luis Mendoza Estamos a poco d\u00edas de iniciar el invierno en el pa\u00eds, la vulnerabilidad ante las lluvias es algo que se ha dejado ver&hellip; <\/p>\n","protected":false},"author":5,"featured_media":0,"comment_status":"closed","ping_status":"closed","sticky":false,"template":"","format":"standard","meta":{"footnotes":""},"categories":[26],"tags":[5538,433,5842],"class_list":["post-68163","post","type-post","status-publish","format-standard","hentry","category-noticias","tag-el-nino","tag-medio-ambiente","tag-soberania-alimentaria"],"_links":{"self":[{"href":"https:\/\/megavision.com.sv\/web\/wp-json\/wp\/v2\/posts\/68163","targetHints":{"allow":["GET"]}}],"collection":[{"href":"https:\/\/megavision.com.sv\/web\/wp-json\/wp\/v2\/posts"}],"about":[{"href":"https:\/\/megavision.com.sv\/web\/wp-json\/wp\/v2\/types\/post"}],"author":[{"embeddable":true,"href":"https:\/\/megavision.com.sv\/web\/wp-json\/wp\/v2\/users\/5"}],"replies":[{"embeddable":true,"href":"https:\/\/megavision.com.sv\/web\/wp-json\/wp\/v2\/comments?post=68163"}],"version-history":[{"count":1,"href":"https:\/\/megavision.com.sv\/web\/wp-json\/wp\/v2\/posts\/68163\/revisions"}],"predecessor-version":[{"id":68167,"href":"https:\/\/megavision.com.sv\/web\/wp-json\/wp\/v2\/posts\/68163\/revisions\/68167"}],"wp:attachment":[{"href":"https:\/\/megavision.com.sv\/web\/wp-json\/wp\/v2\/media?parent=68163"}],"wp:term":[{"taxonomy":"category","embeddable":true,"href":"https:\/\/megavision.com.sv\/web\/wp-json\/wp\/v2\/categories?post=68163"},{"taxonomy":"post_tag","embeddable":true,"href":"https:\/\/megavision.com.sv\/web\/wp-json\/wp\/v2\/tags?post=68163"}],"curies":[{"name":"wp","href":"https:\/\/api.w.org\/{rel}","templated":true}]}}