{"id":65456,"date":"2023-03-06T16:16:30","date_gmt":"2023-03-06T22:16:30","guid":{"rendered":"https:\/\/megavision.com.sv\/?p=65456"},"modified":"2023-03-06T16:16:32","modified_gmt":"2023-03-06T22:16:32","slug":"programa-dialogo-con-ernesto-lopez-6-de-marzo","status":"publish","type":"post","link":"https:\/\/megavision.com.sv\/web\/programa-dialogo-con-ernesto-lopez-6-de-marzo\/","title":{"rendered":"Programa Di\u00e1logo con Ernesto L\u00f3pez: 6 de marzo"},"content":{"rendered":"\n<p>Este lunes en la primera parte de\u00a0<strong>Di\u00e1logo con Ernesto L\u00f3pez<\/strong>\u00a0conversamos en compa\u00f1\u00eda del Dr. Francisco Bertrand Galindo, abogado constitucionalista.<\/p>\n\n\n\n<p>&#8220;En las encuestas la gente reclama lo que le hace falta, ahora que se est\u00e1 solucionando el problema de la violencia viene lo econ\u00f3mico y luego talvez lo del transporte, es algo que nunca termina&#8221;, expres\u00f3 el Dr. Galindo.<\/p>\n\n\n\n<p>En la segunda parte del programa conversamos con el presidente de ANDA, Rub\u00e9n Alem\u00e1n.<\/p>\n\n\n\n<p>&#8220;Estamos combatiendo posibles casos de corrupci\u00f3n, no se vale que gente dentro de ANDA reciba dinero por establecer conexiones ilegales, para denuncias puede llamar al 915 opci\u00f3n 4&#8221;, expres\u00f3 Rub\u00e9n Alem\u00e1n.<\/p>\n\n\n\n<p>M\u00e1s de la entrevista, en el siguiente video:<\/p>\n\n\n\n<iframe loading=\"lazy\" width=\"560\" height=\"315\" src=\"https:\/\/www.youtube.com\/embed\/Jm3Mczy9Hgg\" title=\"YouTube video player\" frameborder=\"0\" allow=\"accelerometer; autoplay; clipboard-write; encrypted-media; gyroscope; picture-in-picture; web-share\" allowfullscreen><\/iframe>\n\n\n\n<p><a href=\"https:\/\/megavision.com.sv\/programa-dialogo-con-ernesto-lopez-27-de-febrero\/\"><\/a><\/p>\n","protected":false},"excerpt":{"rendered":"<p>Este lunes en la primera parte de\u00a0Di\u00e1logo con Ernesto L\u00f3pez\u00a0conversamos en compa\u00f1\u00eda del Dr. Francisco Bertrand Galindo, abogado constitucionalista. &#8220;En las encuestas la gente reclama&hellip; <\/p>\n","protected":false},"author":6,"featured_media":0,"comment_status":"closed","ping_status":"closed","sticky":false,"template":"","format":"standard","meta":{"footnotes":""},"categories":[27],"tags":[1877,196,5210],"class_list":["post-65456","post","type-post","status-publish","format-standard","hentry","category-entrevista","tag-anda","tag-dialogo-con-ernesto-lopez","tag-dr-francisco-bertrand-galindo"],"_links":{"self":[{"href":"https:\/\/megavision.com.sv\/web\/wp-json\/wp\/v2\/posts\/65456","targetHints":{"allow":["GET"]}}],"collection":[{"href":"https:\/\/megavision.com.sv\/web\/wp-json\/wp\/v2\/posts"}],"about":[{"href":"https:\/\/megavision.com.sv\/web\/wp-json\/wp\/v2\/types\/post"}],"author":[{"embeddable":true,"href":"https:\/\/megavision.com.sv\/web\/wp-json\/wp\/v2\/users\/6"}],"replies":[{"embeddable":true,"href":"https:\/\/megavision.com.sv\/web\/wp-json\/wp\/v2\/comments?post=65456"}],"version-history":[{"count":1,"href":"https:\/\/megavision.com.sv\/web\/wp-json\/wp\/v2\/posts\/65456\/revisions"}],"predecessor-version":[{"id":65461,"href":"https:\/\/megavision.com.sv\/web\/wp-json\/wp\/v2\/posts\/65456\/revisions\/65461"}],"wp:attachment":[{"href":"https:\/\/megavision.com.sv\/web\/wp-json\/wp\/v2\/media?parent=65456"}],"wp:term":[{"taxonomy":"category","embeddable":true,"href":"https:\/\/megavision.com.sv\/web\/wp-json\/wp\/v2\/categories?post=65456"},{"taxonomy":"post_tag","embeddable":true,"href":"https:\/\/megavision.com.sv\/web\/wp-json\/wp\/v2\/tags?post=65456"}],"curies":[{"name":"wp","href":"https:\/\/api.w.org\/{rel}","templated":true}]}}