{"id":64166,"date":"2023-02-20T12:18:28","date_gmt":"2023-02-20T18:18:28","guid":{"rendered":"https:\/\/megavision.com.sv\/?p=64166"},"modified":"2023-02-20T14:54:13","modified_gmt":"2023-02-20T20:54:13","slug":"el-rey-de-suecia-se-siente-bien-despues-de-su-operacion%ef%bf%bc","status":"publish","type":"post","link":"https:\/\/megavision.com.sv\/web\/el-rey-de-suecia-se-siente-bien-despues-de-su-operacion%ef%bf%bc\/","title":{"rendered":"El rey de Suecia \u201cse siente bien\u201d despu\u00e9s de su operaci\u00f3n"},"content":{"rendered":"\n<p><em>AFP<\/em><\/p>\n\n\n\n<p>El rey de Suecia Carlos XVI Gustavo \u201cse siente bien\u201d despu\u00e9s de someterse a una operaci\u00f3n quir\u00fargica este lunes, anunci\u00f3 el palacio real.\u00a0<\/p>\n\n\n\n<p>\u201cLa operaci\u00f3n transcurri\u00f3 como estaba previsto y el rey se siente bien\u201d, declar\u00f3 la casa real en un comunicado.\u00a0<\/p>\n\n\n\n<p>La intervenci\u00f3n, que fue anunciada la semana pasada, fue una decisi\u00f3n del m\u00e9dico personal del monarca.&nbsp;<\/p>\n\n\n\n<p>La casa real dijo entonces que se trata de una operaci\u00f3n laparosc\u00f3pica en la zona del coraz\u00f3n.&nbsp;<\/p>\n\n\n\n<p>Nacido el 30 de abril de 1946, Carlos XVI Gustavo celebrar\u00e1 en septiembre el 50\u00ba aniversario de su llegada al trono, donde sucedi\u00f3 a su abuelo Gustavo VI Adolfo.<\/p>\n\n\n\n<p>Su hija mayor, la princesa heredera Victoria, debe sucederle.<\/p>\n","protected":false},"excerpt":{"rendered":"<p>AFP El rey de Suecia Carlos XVI Gustavo \u201cse siente bien\u201d despu\u00e9s de someterse a una operaci\u00f3n quir\u00fargica este lunes, anunci\u00f3 el palacio real.\u00a0 \u201cLa&hellip; <\/p>\n","protected":false},"author":6,"featured_media":0,"comment_status":"closed","ping_status":"closed","sticky":false,"template":"","format":"standard","meta":{"footnotes":""},"categories":[31],"tags":[4887,4888,4886],"class_list":["post-64166","post","type-post","status-publish","format-standard","hentry","category-salud","tag-carlos-xvi-gustavo","tag-casa-real","tag-rey-de-suecia"],"_links":{"self":[{"href":"https:\/\/megavision.com.sv\/web\/wp-json\/wp\/v2\/posts\/64166","targetHints":{"allow":["GET"]}}],"collection":[{"href":"https:\/\/megavision.com.sv\/web\/wp-json\/wp\/v2\/posts"}],"about":[{"href":"https:\/\/megavision.com.sv\/web\/wp-json\/wp\/v2\/types\/post"}],"author":[{"embeddable":true,"href":"https:\/\/megavision.com.sv\/web\/wp-json\/wp\/v2\/users\/6"}],"replies":[{"embeddable":true,"href":"https:\/\/megavision.com.sv\/web\/wp-json\/wp\/v2\/comments?post=64166"}],"version-history":[{"count":2,"href":"https:\/\/megavision.com.sv\/web\/wp-json\/wp\/v2\/posts\/64166\/revisions"}],"predecessor-version":[{"id":64187,"href":"https:\/\/megavision.com.sv\/web\/wp-json\/wp\/v2\/posts\/64166\/revisions\/64187"}],"wp:attachment":[{"href":"https:\/\/megavision.com.sv\/web\/wp-json\/wp\/v2\/media?parent=64166"}],"wp:term":[{"taxonomy":"category","embeddable":true,"href":"https:\/\/megavision.com.sv\/web\/wp-json\/wp\/v2\/categories?post=64166"},{"taxonomy":"post_tag","embeddable":true,"href":"https:\/\/megavision.com.sv\/web\/wp-json\/wp\/v2\/tags?post=64166"}],"curies":[{"name":"wp","href":"https:\/\/api.w.org\/{rel}","templated":true}]}}