{"id":61317,"date":"2023-01-09T12:38:12","date_gmt":"2023-01-09T18:38:12","guid":{"rendered":"https:\/\/megavision.com.sv\/?p=61317"},"modified":"2023-01-09T12:38:22","modified_gmt":"2023-01-09T18:38:22","slug":"bolsonaro-internado-en-eeuu-por-dolores-abdominales-segun-la-prensa-brasilena","status":"publish","type":"post","link":"https:\/\/megavision.com.sv\/web\/bolsonaro-internado-en-eeuu-por-dolores-abdominales-segun-la-prensa-brasilena\/","title":{"rendered":"Bolsonaro internado en EEUU por dolores abdominales, seg\u00fan la prensa brasile\u00f1a"},"content":{"rendered":"\n<p><em>AFP<\/em><\/p>\n\n\n\n<p>El expresidente brasile\u00f1o Jair Bolsonaro fue internado este lunes en una cl\u00ednica en Orlando, Estados Unidos, por dolores abdominales, horas despu\u00e9s de los actos antidemocr\u00e1ticos en Brasilia, report\u00f3 la prensa brasile\u00f1a.&nbsp;<\/p>\n\n\n\n<p>Bolsonaro, quien dej\u00f3 Brasil a fin de diciembre y evit\u00f3 as\u00ed participar de la ceremonia de toma de posesi\u00f3n de su sucesor Luiz In\u00e1cio Lula da Silva, fue internado en el hospital AdventHealth Celebration, precis\u00f3 el diario O Globo.<\/p>\n\n\n\n<p>El exmandatario ultraderechista fue sometido a varias cirug\u00edas por dolores abdominales luego del atentado que sufri\u00f3 en 2018, cuando fue apu\u00f1alado durante un mitin.&nbsp;<\/p>\n\n\n\n<p>En uno de sus \u00faltimos mensajes p\u00fablicos en Twitter el domingo, Bolsonaro rechaz\u00f3 cualquier v\u00ednculo con los actos golpistas en la capital que causaron destrozos en las sedes de los tres poderes.<\/p>\n","protected":false},"excerpt":{"rendered":"<p>AFP El expresidente brasile\u00f1o Jair Bolsonaro fue internado este lunes en una cl\u00ednica en Orlando, Estados Unidos, por dolores abdominales, horas despu\u00e9s de los actos&hellip; <\/p>\n","protected":false},"author":6,"featured_media":0,"comment_status":"closed","ping_status":"closed","sticky":false,"template":"","format":"standard","meta":{"footnotes":""},"categories":[31],"tags":[3776,281,3775,539,3777],"class_list":["post-61317","post","type-post","status-publish","format-standard","hentry","category-salud","tag-brasilia","tag-eeuu","tag-expresidente-brasileno","tag-jair-bolsonaro","tag-prensa-brasilena"],"_links":{"self":[{"href":"https:\/\/megavision.com.sv\/web\/wp-json\/wp\/v2\/posts\/61317","targetHints":{"allow":["GET"]}}],"collection":[{"href":"https:\/\/megavision.com.sv\/web\/wp-json\/wp\/v2\/posts"}],"about":[{"href":"https:\/\/megavision.com.sv\/web\/wp-json\/wp\/v2\/types\/post"}],"author":[{"embeddable":true,"href":"https:\/\/megavision.com.sv\/web\/wp-json\/wp\/v2\/users\/6"}],"replies":[{"embeddable":true,"href":"https:\/\/megavision.com.sv\/web\/wp-json\/wp\/v2\/comments?post=61317"}],"version-history":[{"count":1,"href":"https:\/\/megavision.com.sv\/web\/wp-json\/wp\/v2\/posts\/61317\/revisions"}],"predecessor-version":[{"id":61319,"href":"https:\/\/megavision.com.sv\/web\/wp-json\/wp\/v2\/posts\/61317\/revisions\/61319"}],"wp:attachment":[{"href":"https:\/\/megavision.com.sv\/web\/wp-json\/wp\/v2\/media?parent=61317"}],"wp:term":[{"taxonomy":"category","embeddable":true,"href":"https:\/\/megavision.com.sv\/web\/wp-json\/wp\/v2\/categories?post=61317"},{"taxonomy":"post_tag","embeddable":true,"href":"https:\/\/megavision.com.sv\/web\/wp-json\/wp\/v2\/tags?post=61317"}],"curies":[{"name":"wp","href":"https:\/\/api.w.org\/{rel}","templated":true}]}}