{"id":60309,"date":"2022-12-20T09:03:08","date_gmt":"2022-12-20T15:03:08","guid":{"rendered":"https:\/\/megavision.com.sv\/?p=60309"},"modified":"2022-12-20T09:03:10","modified_gmt":"2022-12-20T15:03:10","slug":"federacion-francesa-de-futbol-denunciara-comentarios-racistas-hacia-jugadores%ef%bf%bc","status":"publish","type":"post","link":"https:\/\/megavision.com.sv\/web\/federacion-francesa-de-futbol-denunciara-comentarios-racistas-hacia-jugadores%ef%bf%bc\/","title":{"rendered":"Federaci\u00f3n Francesa de F\u00fatbol denunciar\u00e1 comentarios racistas hacia jugadores\ufffc"},"content":{"rendered":"\n<p><em>AFP<\/em><\/p>\n\n\n\n<p>La Federaci\u00f3n Francesa de F\u00fatbol (FFF) \u201cconden\u00f3\u201d este martes la publicaci\u00f3n en redes sociales de mensajes \u201cracistas y de odio\u201d hacia los jugadores de la selecci\u00f3n francesa tras la final del Mundial, anunciando su intenci\u00f3n de \u201cpresentar una denuncia\u201d.<\/p>\n\n\n\n<p>\u201cDespu\u00e9s de la final de la Copa del Mundo, varios jugadores de la selecci\u00f3n francesa fueron objeto de comentarios racistas y de odio inaceptables en redes sociales. La FFF los condena y presentar\u00e1 denuncias contra sus autores\u201d, escribi\u00f3 la FFF en la cuenta de Twitter de la selecci\u00f3n.<\/p>\n\n\n\n<p>Los Bleus cayeron en los penales (3-3 despu\u00e9s de pr\u00f3rroga, 4-2 en penales) el domingo en Catar contra Argentina, y varios jugadores estuvieron en el punto de mira de las cr\u00edticas en las redes sociales, como Kinglsey Coman y Aurelien Tchouameni, que fallaron sus lanzamientos.<\/p>\n\n\n\n<p>El Bayern de M\u00fanich, club de Coman, mostr\u00f3 el lunes su apoyo a su atacante: \u201cLa familia del FC Bayern est\u00e1 contigo, King. El racismo no tiene lugar en el deporte o en nuestra sociedad\u201d, escribi\u00f3 el club en Twitter.<\/p>\n\n\n\n<p>Esta situaci\u00f3n no es nueva, pues Kylian Mbapp\u00e9 ya hab\u00eda denunciado insultos racistas luego de su penal fallado contra Suiza en la \u00faltima Eurocopa, situaci\u00f3n de la que inform\u00f3 al presidente de la Federaci\u00f3n, No\u00ebl le Gra\u00ebt.<\/p>\n","protected":false},"excerpt":{"rendered":"<p>AFP La Federaci\u00f3n Francesa de F\u00fatbol (FFF) \u201cconden\u00f3\u201d este martes la publicaci\u00f3n en redes sociales de mensajes \u201cracistas y de odio\u201d hacia los jugadores de&hellip; <\/p>\n","protected":false},"author":6,"featured_media":0,"comment_status":"closed","ping_status":"closed","sticky":false,"template":"","format":"standard","meta":{"footnotes":""},"categories":[26],"tags":[3407,3406,3408],"class_list":["post-60309","post","type-post","status-publish","format-standard","hentry","category-noticias","tag-comentarios-racistas","tag-federacion-francesa-de-futbol","tag-jugadores"],"_links":{"self":[{"href":"https:\/\/megavision.com.sv\/web\/wp-json\/wp\/v2\/posts\/60309","targetHints":{"allow":["GET"]}}],"collection":[{"href":"https:\/\/megavision.com.sv\/web\/wp-json\/wp\/v2\/posts"}],"about":[{"href":"https:\/\/megavision.com.sv\/web\/wp-json\/wp\/v2\/types\/post"}],"author":[{"embeddable":true,"href":"https:\/\/megavision.com.sv\/web\/wp-json\/wp\/v2\/users\/6"}],"replies":[{"embeddable":true,"href":"https:\/\/megavision.com.sv\/web\/wp-json\/wp\/v2\/comments?post=60309"}],"version-history":[{"count":1,"href":"https:\/\/megavision.com.sv\/web\/wp-json\/wp\/v2\/posts\/60309\/revisions"}],"predecessor-version":[{"id":60311,"href":"https:\/\/megavision.com.sv\/web\/wp-json\/wp\/v2\/posts\/60309\/revisions\/60311"}],"wp:attachment":[{"href":"https:\/\/megavision.com.sv\/web\/wp-json\/wp\/v2\/media?parent=60309"}],"wp:term":[{"taxonomy":"category","embeddable":true,"href":"https:\/\/megavision.com.sv\/web\/wp-json\/wp\/v2\/categories?post=60309"},{"taxonomy":"post_tag","embeddable":true,"href":"https:\/\/megavision.com.sv\/web\/wp-json\/wp\/v2\/tags?post=60309"}],"curies":[{"name":"wp","href":"https:\/\/api.w.org\/{rel}","templated":true}]}}