{"id":60254,"date":"2022-12-19T12:15:43","date_gmt":"2022-12-19T18:15:43","guid":{"rendered":"https:\/\/megavision.com.sv\/?p=60254"},"modified":"2022-12-19T12:20:44","modified_gmt":"2022-12-19T18:20:44","slug":"el-rey-de-noruega-hospitalizado-de-nuevo-por-una-infeccion%ef%bf%bc","status":"publish","type":"post","link":"https:\/\/megavision.com.sv\/web\/el-rey-de-noruega-hospitalizado-de-nuevo-por-una-infeccion%ef%bf%bc\/","title":{"rendered":"El rey de Noruega, hospitalizado de nuevo por una infecci\u00f3n\ufffc"},"content":{"rendered":"\n<p><em>AFP<\/em><\/p>\n\n\n\n<p>El rey Harald V de Noruega, de 85 a\u00f1os, fue hospitalizado de nuevo a causa de una infecci\u00f3n, anunci\u00f3 el Palacio Real este lunes.<\/p>\n\n\n\n<p>El soberano, que lleva 32 a\u00f1os en el trono, ingres\u00f3 en el hospital nacional de Oslo para un tratamiento con antibi\u00f3ticos por v\u00eda intravenosa que requerir\u00e1 que permanezca hospitalizado \u201cdurante unos d\u00edas\u201c, declar\u00f3 el Palacio en un comunicado.<\/p>\n\n\n\n<p>Est\u00e1 \u201cestable\u201c, precis\u00f3 la misma fuente.<\/p>\n\n\n\n<p>En los \u00faltimos tiempos, Harald V, que tiene unas funciones eminentemente simb\u00f3licas, ha pasado varias veces por el hospital, por covid-19, una operaci\u00f3n de rodilla, otra de coraz\u00f3n y por problemas respiratorios e infecciones.<\/p>\n\n\n\n<p>Tiene problemas de movilidad y camina apoyado en una muleta.<\/p>\n\n\n\n<p>Nieto de Haakon VII, primero de la dinast\u00eda real noruega, Harald V reina en el pa\u00eds desde el 17 de enero de 1991.<\/p>\n","protected":false},"excerpt":{"rendered":"<p>AFP El rey Harald V de Noruega, de 85 a\u00f1os, fue hospitalizado de nuevo a causa de una infecci\u00f3n, anunci\u00f3 el Palacio Real este lunes.&hellip; <\/p>\n","protected":false},"author":6,"featured_media":0,"comment_status":"closed","ping_status":"closed","sticky":false,"template":"","format":"standard","meta":{"footnotes":""},"categories":[31],"tags":[3383,3381,3382],"class_list":["post-60254","post","type-post","status-publish","format-standard","hentry","category-salud","tag-palacio-real","tag-rey-de-noruega","tag-rey-harald-v"],"_links":{"self":[{"href":"https:\/\/megavision.com.sv\/web\/wp-json\/wp\/v2\/posts\/60254","targetHints":{"allow":["GET"]}}],"collection":[{"href":"https:\/\/megavision.com.sv\/web\/wp-json\/wp\/v2\/posts"}],"about":[{"href":"https:\/\/megavision.com.sv\/web\/wp-json\/wp\/v2\/types\/post"}],"author":[{"embeddable":true,"href":"https:\/\/megavision.com.sv\/web\/wp-json\/wp\/v2\/users\/6"}],"replies":[{"embeddable":true,"href":"https:\/\/megavision.com.sv\/web\/wp-json\/wp\/v2\/comments?post=60254"}],"version-history":[{"count":2,"href":"https:\/\/megavision.com.sv\/web\/wp-json\/wp\/v2\/posts\/60254\/revisions"}],"predecessor-version":[{"id":60257,"href":"https:\/\/megavision.com.sv\/web\/wp-json\/wp\/v2\/posts\/60254\/revisions\/60257"}],"wp:attachment":[{"href":"https:\/\/megavision.com.sv\/web\/wp-json\/wp\/v2\/media?parent=60254"}],"wp:term":[{"taxonomy":"category","embeddable":true,"href":"https:\/\/megavision.com.sv\/web\/wp-json\/wp\/v2\/categories?post=60254"},{"taxonomy":"post_tag","embeddable":true,"href":"https:\/\/megavision.com.sv\/web\/wp-json\/wp\/v2\/tags?post=60254"}],"curies":[{"name":"wp","href":"https:\/\/api.w.org\/{rel}","templated":true}]}}