{"id":59613,"date":"2022-12-07T11:05:33","date_gmt":"2022-12-07T17:05:33","guid":{"rendered":"https:\/\/megavision.com.sv\/?p=59613"},"modified":"2022-12-07T11:06:07","modified_gmt":"2022-12-07T17:06:07","slug":"portugal-celebra-haber-entrado-en-la-era-post-cristiano-ronaldo%ef%bf%bc","status":"publish","type":"post","link":"https:\/\/megavision.com.sv\/web\/portugal-celebra-haber-entrado-en-la-era-post-cristiano-ronaldo%ef%bf%bc\/","title":{"rendered":"Portugal celebra haber entrado en la era post-Cristiano Ronaldo\ufffc"},"content":{"rendered":"\n<p><em>AFP<\/em><\/p>\n\n\n\n<p>La sonora victoria de Portugal, que lamin\u00f3 a Suiza 6-1 en octavos de final del Mundial de Catar el martes, marca el inicio de una nueva era para el f\u00fatbol nacional, la del despu\u00e9s de Cristiano Ronaldo, reaccion\u00f3 la prensa lusa este mi\u00e9rcoles.<\/p>\n\n\n\n<p>Suplente el martes en el estadio de Lusail, el cinco veces Bal\u00f3n de Oro, de 37 a\u00f1os, elogi\u00f3 la &#8220;exhibici\u00f3n de lujo de un equipo lleno de talento y juventud&#8221;, en la que yo no tiene el papel protagonista, pese a la atenci\u00f3n dada a sus r\u00e9cords personales y lo que ocurre con su carrera.<\/p>\n\n\n\n<p>&#8220;Jornada incre\u00edble para Portugal, con un resultado hist\u00f3rico en el mayor escenario del f\u00fatbol mundial. (&#8230;) \u00a1El sue\u00f1o sigue vivo!\u00a1Hasta el final!&#8221;, escribi\u00f3 en sus redes sociales, el l\u00edder de la &nbsp;Sele\u00e7ao desde hace una quincena de a\u00f1os.<\/p>\n\n\n\n<p>Pero, al d\u00eda siguiente del triplete marcado por su sustituto Gon\u00e7alo Ramos, delantero de 21 a\u00f1os del Benfica que a\u00fan no hab\u00eda sido titular, el t\u00edtulo del rotativo deportivo Record es rotundo: &#8220;Inicio de una era: la post-Ronaldo&#8221;.<\/p>\n\n\n\n<p>&#8220;La estrella del equipo fue el (gran) equipo&#8221;, resumi\u00f3 su competidor A Bola, mientras que el diario de referencia Publico subraya en primera que &#8220;Portugal se rinde a la juventud&#8221;.<\/p>\n\n\n\n<p>Seg\u00fan O Jogo, rotativo deportivo de Oporto (norte), &#8220;la selecci\u00f3n asume su candidatura al t\u00edtulo (de campe\u00f3n mundial) con un rendimiento colectivo de otro planeta&#8221;.<\/p>\n\n\n\n<p>Los comentaristas tambi\u00e9n destacan la apuesta ganadora del seleccionador Fernando Santos, que hab\u00eda llamado al orden a Cristiano por mostrar su enfado tras ser sustituido a la hora de juego contra Corea del Sur en la fase de grupos.<\/p>\n\n\n\n<p>El entrenador portugu\u00e9s afirm\u00f3 que no poner a Cristiano de titular hab\u00eda sido &#8220;una elecci\u00f3n estrat\u00e9gica&#8221;, y no una sanci\u00f3n contra su capit\u00e1n, pero la prensa ha visto en ello, no obstante, &#8220;un golpe sobre la mesa&#8221; del seleccionador, de 68 a\u00f1os.<\/p>\n\n\n\n<p>&#8220;Por fin hemos sentido que hab\u00eda disciplina en el seno de la selecci\u00f3n, un liderazgo de Fernando Santos&#8221;, afirm\u00f3 en su comentario, el subdirector de Record, Vitor Pinto.<\/p>\n\n\n\n<p>&#8220;Sin CR7, se ha visto el br\u00edo de un equipo que puede so\u00f1ar&#8221;, subray\u00f3.<\/p>\n\n\n\n<p>&#8220;Sea por las palabras de Ronaldo cuando sali\u00f3 del partido Portugal-Corea, de algo que se haya producido entretanto que no se ha hecho p\u00fablico, o las razones estrat\u00e9gicas esgrimidas por el seleccionador sin explicarlas, la decisi\u00f3n que tom\u00f3 es hist\u00f3rica&#8221;, consider\u00f3 el famoso comentarista Antonio Tadeia en su blog.<\/p>\n\n\n\n<p>Desde el inicio de la concentraci\u00f3n de Portugal hace tres semanas, la situaci\u00f3n personal de Cristiano Ronaldo hab\u00eda impregnado la preparaci\u00f3n y el recorrido de su equipo en el Mundial de Catar.<\/p>\n\n\n\n<p>Tras su divorcio del Manchester United, la atenci\u00f3n est\u00e1 ahora sobre sus supuestos contactos con el al-Nassr (primera divisi\u00f3n saud\u00ed). Preguntado sobre esto el martes cuando pasaba por la zona mixta, el interesado s\u00f3lo dijo &#8220;no, no es verdad&#8221;, sin pararse.<\/p>\n\n\n\n<p>Pero, har\u00e1 falta algo m\u00e1s que esta escueta contestaci\u00f3n a una cuesti\u00f3n ambigua para que la incertidumbre sobre el futuro de esta estrella planetaria deje por completo de pesar sobre el de su selecci\u00f3n.<\/p>\n","protected":false},"excerpt":{"rendered":"<p>AFP La sonora victoria de Portugal, que lamin\u00f3 a Suiza 6-1 en octavos de final del Mundial de Catar el martes, marca el inicio de&hellip; <\/p>\n","protected":false},"author":6,"featured_media":0,"comment_status":"closed","ping_status":"closed","sticky":false,"template":"","format":"standard","meta":{"footnotes":""},"categories":[30],"tags":[1065,685,2152,683],"class_list":["post-59613","post","type-post","status-publish","format-standard","hentry","category-deportes","tag-catar-2022-2","tag-cristiano-ronaldo","tag-mundial-de-catar-2022-2","tag-portugal"],"_links":{"self":[{"href":"https:\/\/megavision.com.sv\/web\/wp-json\/wp\/v2\/posts\/59613","targetHints":{"allow":["GET"]}}],"collection":[{"href":"https:\/\/megavision.com.sv\/web\/wp-json\/wp\/v2\/posts"}],"about":[{"href":"https:\/\/megavision.com.sv\/web\/wp-json\/wp\/v2\/types\/post"}],"author":[{"embeddable":true,"href":"https:\/\/megavision.com.sv\/web\/wp-json\/wp\/v2\/users\/6"}],"replies":[{"embeddable":true,"href":"https:\/\/megavision.com.sv\/web\/wp-json\/wp\/v2\/comments?post=59613"}],"version-history":[{"count":1,"href":"https:\/\/megavision.com.sv\/web\/wp-json\/wp\/v2\/posts\/59613\/revisions"}],"predecessor-version":[{"id":59615,"href":"https:\/\/megavision.com.sv\/web\/wp-json\/wp\/v2\/posts\/59613\/revisions\/59615"}],"wp:attachment":[{"href":"https:\/\/megavision.com.sv\/web\/wp-json\/wp\/v2\/media?parent=59613"}],"wp:term":[{"taxonomy":"category","embeddable":true,"href":"https:\/\/megavision.com.sv\/web\/wp-json\/wp\/v2\/categories?post=59613"},{"taxonomy":"post_tag","embeddable":true,"href":"https:\/\/megavision.com.sv\/web\/wp-json\/wp\/v2\/tags?post=59613"}],"curies":[{"name":"wp","href":"https:\/\/api.w.org\/{rel}","templated":true}]}}