{"id":59442,"date":"2022-12-05T11:14:08","date_gmt":"2022-12-05T17:14:08","guid":{"rendered":"https:\/\/megavision.com.sv\/?p=59442"},"modified":"2022-12-05T11:14:10","modified_gmt":"2022-12-05T17:14:10","slug":"pele-dice-que-vera-el-partido-brasil-corea-en-el-hospital-buena-suerte%ef%bf%bc","status":"publish","type":"post","link":"https:\/\/megavision.com.sv\/web\/pele-dice-que-vera-el-partido-brasil-corea-en-el-hospital-buena-suerte%ef%bf%bc\/","title":{"rendered":"Pel\u00e9 dice que ver\u00e1 el partido Brasil-Corea en el hospital: \u201cBuena suerte\u201d\ufffc"},"content":{"rendered":"\n<p><em>AFP<\/em><\/p>\n\n\n\n<p>El exastro Pel\u00e9, tres veces campe\u00f3n del mundo con Brasil, dese\u00f3 este lunes \u201csuerte\u201d a su selecci\u00f3n y dijo que ver\u00e1 el partido de octavos contra Corea desde el hospital de Sao Paulo donde permanece internado.<\/p>\n\n\n\n<p>\u201cVer\u00e9 el partido desde el hospital y estar\u00e9 alentando a cada uno de ustedes. \u00a1Buena suerte para nuestro Brasil!\u201d, escribi\u00f3 el exfutbolista, de 82 a\u00f1os, dirigi\u00e9ndose a los jugadores en Doha.\u00a0<\/p>\n\n\n\n<p>El mensaje de Pel\u00e9 estaba ilustrado con una foto suya a los 17 a\u00f1os por las calles de Suecia, donde conquist\u00f3 en 1958 el primero de los cinco trofeos mundialistas de Brasil.&nbsp;<\/p>\n\n\n\n<p>\u201cEn 1958, en Suecia, caminaba por las calles pensando en cumplir la promesa que hab\u00eda hecho a mi padre\u201d, explic\u00f3 Pel\u00e9, recordando que hab\u00eda prometido volver a casa con el trofeo, tras ver a su padre sufrir con la derrota ante Uruguay en 1950, en una traum\u00e1tica final en Rio conocida como el \u201cMaracanazo\u201d.\u00a0<\/p>\n\n\n\n<p>\u201cS\u00e9 que muchos jugadores de la selecci\u00f3n hicieron promesas parecidas y que tambi\u00e9n ir\u00e1n en busca de su primera Copa del Mundo. Quiero inspirarles, amigos m\u00edos\u201d, a\u00f1adi\u00f3.\u00a0<\/p>\n\n\n\n<p>Edson Arantes do Nascimento, Pel\u00e9, fue internado el 29 de noviembre para una reevaluaci\u00f3n de su tratamiento de quimioterapia contra el c\u00e1ncer de colon identificado el a\u00f1o pasado, seg\u00fan inform\u00f3 el hospital Albert Einstein de Sao Paulo.&nbsp;<\/p>\n\n\n\n<p>\u201cO rei\u201d tambi\u00e9n est\u00e1 tratando una infecci\u00f3n pulmonar y permanece \u201cestable\u201d, con &#8220;buena respuesta\u201d a los antibi\u00f3ticos.\u00a0<\/p>\n\n\n\n<p>Dos hijas de Pel\u00e9 desmintieron el domingo que la salud del exastro est\u00e9 en riesgo y se mostraron confiadas en que regresar\u00e1 a casa cuando se mejore del cuadro respiratorio.&nbsp;<\/p>\n\n\n\n<p>Pel\u00e9 \u201cest\u00e1 enfermo, est\u00e1 viejito, pero en este momento est\u00e1 internado debido a una infecci\u00f3n en el pulm\u00f3n. Y cuando mejore, vuelve para casa\u201d, dijo Kely Nascimento en una entrevista televisiva con el programa Fantastico del canal Globo.\u00a0<\/p>\n\n\n\n<p>\u201cNo est\u00e1 diciendo adi\u00f3s en el hospital\u201d, agreg\u00f3 Kely, quien explic\u00f3 que la infecci\u00f3n deriv\u00f3 de una infecci\u00f3n de covid-19 por la que pas\u00f3 el exjugador tres semanas atr\u00e1s.\u00a0\u00a0<\/p>\n\n\n\n<p>\u201cNo est\u00e1 en riesgo, est\u00e1 en tratamiento\u201d, a\u00f1adi\u00f3 su hermana, Flavia Arantes.<\/p>\n\n\n\n<p>Numerosas personalidades del f\u00fatbol le enviaron mensajes de apoyo a lo largo del fin de semana desde Catar, entre ellos el franc\u00e9s Kylian Mbapp\u00e9 y el capit\u00e1n ingl\u00e9s Harry Kane.&nbsp;<\/p>\n","protected":false},"excerpt":{"rendered":"<p>AFP El exastro Pel\u00e9, tres veces campe\u00f3n del mundo con Brasil, dese\u00f3 este lunes \u201csuerte\u201d a su selecci\u00f3n y dijo que ver\u00e1 el partido de&hellip; <\/p>\n","protected":false},"author":6,"featured_media":0,"comment_status":"closed","ping_status":"closed","sticky":false,"template":"","format":"standard","meta":{"footnotes":""},"categories":[30,26],"tags":[3036,1065,2776,769,2387],"class_list":["post-59442","post","type-post","status-publish","format-standard","hentry","category-deportes","category-noticias","tag-brasil-corea","tag-catar-2022-2","tag-hospital","tag-mundial-de-catar","tag-pele"],"_links":{"self":[{"href":"https:\/\/megavision.com.sv\/web\/wp-json\/wp\/v2\/posts\/59442","targetHints":{"allow":["GET"]}}],"collection":[{"href":"https:\/\/megavision.com.sv\/web\/wp-json\/wp\/v2\/posts"}],"about":[{"href":"https:\/\/megavision.com.sv\/web\/wp-json\/wp\/v2\/types\/post"}],"author":[{"embeddable":true,"href":"https:\/\/megavision.com.sv\/web\/wp-json\/wp\/v2\/users\/6"}],"replies":[{"embeddable":true,"href":"https:\/\/megavision.com.sv\/web\/wp-json\/wp\/v2\/comments?post=59442"}],"version-history":[{"count":1,"href":"https:\/\/megavision.com.sv\/web\/wp-json\/wp\/v2\/posts\/59442\/revisions"}],"predecessor-version":[{"id":59444,"href":"https:\/\/megavision.com.sv\/web\/wp-json\/wp\/v2\/posts\/59442\/revisions\/59444"}],"wp:attachment":[{"href":"https:\/\/megavision.com.sv\/web\/wp-json\/wp\/v2\/media?parent=59442"}],"wp:term":[{"taxonomy":"category","embeddable":true,"href":"https:\/\/megavision.com.sv\/web\/wp-json\/wp\/v2\/categories?post=59442"},{"taxonomy":"post_tag","embeddable":true,"href":"https:\/\/megavision.com.sv\/web\/wp-json\/wp\/v2\/tags?post=59442"}],"curies":[{"name":"wp","href":"https:\/\/api.w.org\/{rel}","templated":true}]}}