{"id":59439,"date":"2022-12-05T10:57:24","date_gmt":"2022-12-05T16:57:24","guid":{"rendered":"https:\/\/megavision.com.sv\/?p=59439"},"modified":"2022-12-05T10:57:26","modified_gmt":"2022-12-05T16:57:26","slug":"aumentan-a-27-los-muertos-por-deslizamiento-de-tierra-en-colombia%ef%bf%bc","status":"publish","type":"post","link":"https:\/\/megavision.com.sv\/web\/aumentan-a-27-los-muertos-por-deslizamiento-de-tierra-en-colombia%ef%bf%bc\/","title":{"rendered":"Aumentan a 27 los muertos por deslizamiento de tierra en Colombia\ufffc"},"content":{"rendered":"\n<p><em>AFP<\/em><\/p>\n\n\n\n<p>Al menos 27 personas fallecieron, entre ellas tres menores de edad, por un alud de tierra que cay\u00f3 el domingo sobre un bus y otros veh\u00edculos que transitaban por una carretera del noroeste de Colombia, indic\u00f3 el presidente Gustavo Petro en un balance reciente este lunes.<\/p>\n\n\n\n<p>\u201cHasta el momento 27 personas, incluyendo 3 menores, han perdido su vida en la tragedia de Pueblo Rico, Risaralda. Solidaridad con las familias de las v\u00edctimas, tendr\u00e1n un acompa\u00f1amiento integral por parte del Gobierno Nacional\u201d, se\u00f1al\u00f3 el mandatario en Twitter.\u00a0<\/p>\n\n\n\n<p>El \u00faltimo balance del domingo hab\u00eda registrado tres muertos y una veintena de personas atrapadas bajo el derrumbe.&nbsp;<\/p>\n\n\n\n<p>Un responsable de Unidad Nacional para la Gesti\u00f3n del Riesgo de Desastres (UNGRD) inform\u00f3 a la AFP que cuatro personas est\u00e1n heridas y al menos cuatro m\u00e1s permanecen sepultadas bajo el alud.&nbsp;<\/p>\n\n\n\n<p>Decenas de socorristas contin\u00faan la b\u00fasqueda de los pasajeros de una moto y un bus de servicio de p\u00fablico que transportaba a treintena de pasajeros, a\u00f1adi\u00f3 la misma fuente.&nbsp;<\/p>\n\n\n\n<p>El bus hab\u00eda salido en la madrugada del domingo de la ciudad de Cali (suroeste) y&nbsp;viaj\u00f3 unos 270 kil\u00f3metros antes de accidentarse cruzando la cordillera occidental de Los Andes en su ruta hacia Quibd\u00f3 (noroeste), seg\u00fan la Defensa Civil. &nbsp;<\/p>\n\n\n\n<p>\u201cLa zona presenta dificultad de comunicaci\u00f3n\u201d, de acuerdo a la UNGRD.<\/p>\n\n\n\n<p>Desde comienzos de agosto el pa\u00eds se encuentra en estado de \u201cdesastre nacional\u201d por la peor temporada de lluvias de los \u00faltimos 40 a\u00f1os, seg\u00fan el gobierno.\u00a0<\/p>\n\n\n\n<p>El invierno deja 271 muertos y 700,000 afectados en \u00faltimo a\u00f1o.<\/p>\n\n\n\n<p>Las lluvias est\u00e1n asociadas a La Ni\u00f1a, un fen\u00f3meno clim\u00e1tico c\u00edclico producido por el enfriamiento del Oc\u00e9ano Pac\u00edfico y que el calentamiento global amenaza de tornarlo m\u00e1s frecuente y letal, seg\u00fan cient\u00edficos. &nbsp;<\/p>\n\n\n\n<p>De acuerdo al Servicio Geol\u00f3gico Colombiano \u201cel municipio de Pueblo Rico est\u00e1 en amenaza muy alta por movimiento en masa (&#8230;) asociados al fen\u00f3meno de La Ni\u00f1a, que se presenta desde agosto del 2020\u201d.\u00a0<\/p>\n\n\n\n<p>El deslizamiento de tierra \u201choy enluta a este pueblo, ma\u00f1ana podr\u00eda estar en otra zona, porque realmente tenemos en el pa\u00eds muchas zonas de inestabilidad y la temporada de lluvia no ha terminado\u201d, declar\u00f3 a medios el director de la UNGRD, Javier Pava.<\/p>\n","protected":false},"excerpt":{"rendered":"<p>AFP Al menos 27 personas fallecieron, entre ellas tres menores de edad, por un alud de tierra que cay\u00f3 el domingo sobre un bus y&hellip; <\/p>\n","protected":false},"author":6,"featured_media":0,"comment_status":"closed","ping_status":"closed","sticky":false,"template":"","format":"standard","meta":{"footnotes":""},"categories":[26],"tags":[3033,3035,3034],"class_list":["post-59439","post","type-post","status-publish","format-standard","hentry","category-noticias","tag-deslizamiento-de-tierra","tag-noroeste-de-colombia","tag-presidente-gustavo-petro"],"_links":{"self":[{"href":"https:\/\/megavision.com.sv\/web\/wp-json\/wp\/v2\/posts\/59439","targetHints":{"allow":["GET"]}}],"collection":[{"href":"https:\/\/megavision.com.sv\/web\/wp-json\/wp\/v2\/posts"}],"about":[{"href":"https:\/\/megavision.com.sv\/web\/wp-json\/wp\/v2\/types\/post"}],"author":[{"embeddable":true,"href":"https:\/\/megavision.com.sv\/web\/wp-json\/wp\/v2\/users\/6"}],"replies":[{"embeddable":true,"href":"https:\/\/megavision.com.sv\/web\/wp-json\/wp\/v2\/comments?post=59439"}],"version-history":[{"count":1,"href":"https:\/\/megavision.com.sv\/web\/wp-json\/wp\/v2\/posts\/59439\/revisions"}],"predecessor-version":[{"id":59441,"href":"https:\/\/megavision.com.sv\/web\/wp-json\/wp\/v2\/posts\/59439\/revisions\/59441"}],"wp:attachment":[{"href":"https:\/\/megavision.com.sv\/web\/wp-json\/wp\/v2\/media?parent=59439"}],"wp:term":[{"taxonomy":"category","embeddable":true,"href":"https:\/\/megavision.com.sv\/web\/wp-json\/wp\/v2\/categories?post=59439"},{"taxonomy":"post_tag","embeddable":true,"href":"https:\/\/megavision.com.sv\/web\/wp-json\/wp\/v2\/tags?post=59439"}],"curies":[{"name":"wp","href":"https:\/\/api.w.org\/{rel}","templated":true}]}}