{"id":59300,"date":"2022-12-01T12:05:25","date_gmt":"2022-12-01T18:05:25","guid":{"rendered":"https:\/\/megavision.com.sv\/?p=59300"},"modified":"2022-12-01T12:05:32","modified_gmt":"2022-12-01T18:05:32","slug":"dt-de-costa-rica-confia-en-sus-opciones-ante-alemania-y-aplaude-nominacion-de-frappart%ef%bf%bc","status":"publish","type":"post","link":"https:\/\/megavision.com.sv\/web\/dt-de-costa-rica-confia-en-sus-opciones-ante-alemania-y-aplaude-nominacion-de-frappart%ef%bf%bc\/","title":{"rendered":"DT de Costa Rica conf\u00eda en sus opciones ante Alemania y aplaude nominaci\u00f3n de Frappart\ufffc"},"content":{"rendered":"\n<p><em>AFP<\/em><\/p>\n\n\n\n<p>El seleccionador de Costa Rica, Luis Fernando Su\u00e1rez, expres\u00f3 esta semana su confianza en sus jugadores para el decisivo duelo ante Alemania en el que estar\u00e1 en juego un boleto a los octavos del Mundial y aplaudi\u00f3 la in\u00e9dita nominaci\u00f3n de St\u00e9phanie Frappart como \u00e1rbitra.<\/p>\n\n\n\n<p>La francesa Frappart se convertir\u00e1&nbsp;el mi\u00e9rcoles en la primera mujer en dirigir un partido de una Copa del Mundo masculina.<\/p>\n\n\n\n<p>\u201cYo soy un admirador profundo de todo lo que la mujer ha conquistado y me gusta que quiera seguir conquistando. Este es un paso m\u00e1s y me parece muy importante\u201d, dijo Su\u00e1rez en una conferencia de prensa en Doha.<\/p>\n\n\n\n<p>\u201cHabla muy bien de lo que es la mujer, de su empe\u00f1o de hacer m\u00e1s cosas en este deporte, que es muy machista\u201d, afirm\u00f3 el t\u00e9cnico colombiano. \u201cMe agrada y es algo bueno para el f\u00fatbol, es un paso m\u00e1s en su desarrollo, para abrirlo mucho m\u00e1s a todos\u201d.<\/p>\n\n\n\n<p>Frappart, de 38 a\u00f1os, es la gran pionera del arbitraje femenino y ya fue la primera en dirigir un partido de la liga francesa, la Liga de Campeones y la Eurocopa masculinas.<\/p>\n\n\n\n<p>El veterano centrocampista Celso Borges coincidi\u00f3 con su seleccionador en considerar la elecci\u00f3n como un \u201cgran logro para las mujeres a nivel mundial\u201d y espera que ambos equipos le faciliten la labor a pesar de la gran presi\u00f3n que tendr\u00e1n por clasificar.<\/p>\n\n\n\n<p>\u201cMe parece genial\u201d, subray\u00f3. \u201cSi est\u00e1 ah\u00ed es porque tiene todas las capacidades para hacer un buen trabajo y rendir bien en este escenario. Solo espero que haga un buen partido y que podamos ayudarla a tener un partido f\u00e1cil\u201d.<\/p>\n\n\n\n<p>Costa Rica, tercera del Grupo E con 3 puntos, clasificar\u00e1 a octavos con un triunfo ante Alemania, \u00faltima con 1 unidad, o con un empate unido a una victoria de\u00a0Espa\u00f1a\u00a0ante Jap\u00f3n.<\/p>\n\n\n\n<p>Costa Rica es consciente de las dificultades que encontrar\u00e1 ante Alemania pero intentar\u00e1 aprovecharse de la presi\u00f3n que sufrir\u00e1 su prestigioso rival, que est\u00e1 al borde de ser eliminado por segunda vez seguida en la fase de grupos.<\/p>\n\n\n\n<p>\u201cSabemos lo dif\u00edcil que ser\u00e1 porque nos enfrentamos a un rival complicado, que tambi\u00e9n tiene todos los deseos de clasificar\u201d, dijo Su\u00e1rez. \u201cPero somos conscientes de nuestras posibilidades y mientras existan haremos todo lo posible\u201d.<\/p>\n\n\n\n<p>\u201cLlegar al \u00faltimo partido con tres puntos y con posibilidades es una buena situaci\u00f3n\u201d, recalc\u00f3 Borges.\u00a0<\/p>\n\n\n\n<p>\u201cTenemos un &#8216;boost&#8217; an\u00edmico de la victoria contra Jap\u00f3n que nos invita a creer en las cosas buenas que hicimos\u201d, afirm\u00f3.\u00a0<\/p>\n\n\n\n<p>Tras ser machacada 7-0 por\u00a0Espa\u00f1a\u00a0en el debut, Costa Rica revivi\u00f3 con un triunfo 1-0 ante Jap\u00f3n que le hace so\u00f1ar con repetir la gesta de Italia-1990, cuando avanzaron a octavos, y sobre todo de Brasil-2014, donde llegaron a cuartos tras quedar primera de un grupo con Italia, Inglaterra y Uruguay.<\/p>\n\n\n\n<p>\u201cEste momento es distinto, han pasado ocho a\u00f1os pero tener recuerdos es bueno\u201d, dijo Su\u00e1rez. \u201cHay algo metido en los genes de los costarricenses, que cuando llegan a Mundiales son capaces de hacer cosas diferentes\u201d.<\/p>\n","protected":false},"excerpt":{"rendered":"<p>AFP El seleccionador de Costa Rica, Luis Fernando Su\u00e1rez, expres\u00f3 esta semana su confianza en sus jugadores para el decisivo duelo ante Alemania en el&hellip; <\/p>\n","protected":false},"author":6,"featured_media":0,"comment_status":"closed","ping_status":"closed","sticky":false,"template":"","format":"standard","meta":{"footnotes":""},"categories":[30,26],"tags":[142,1043,1044,2980],"class_list":["post-59300","post","type-post","status-publish","format-standard","hentry","category-deportes","category-noticias","tag-alemania","tag-costa-rica","tag-luis-fernando-suarez","tag-stephanie-frappart"],"_links":{"self":[{"href":"https:\/\/megavision.com.sv\/web\/wp-json\/wp\/v2\/posts\/59300","targetHints":{"allow":["GET"]}}],"collection":[{"href":"https:\/\/megavision.com.sv\/web\/wp-json\/wp\/v2\/posts"}],"about":[{"href":"https:\/\/megavision.com.sv\/web\/wp-json\/wp\/v2\/types\/post"}],"author":[{"embeddable":true,"href":"https:\/\/megavision.com.sv\/web\/wp-json\/wp\/v2\/users\/6"}],"replies":[{"embeddable":true,"href":"https:\/\/megavision.com.sv\/web\/wp-json\/wp\/v2\/comments?post=59300"}],"version-history":[{"count":1,"href":"https:\/\/megavision.com.sv\/web\/wp-json\/wp\/v2\/posts\/59300\/revisions"}],"predecessor-version":[{"id":59302,"href":"https:\/\/megavision.com.sv\/web\/wp-json\/wp\/v2\/posts\/59300\/revisions\/59302"}],"wp:attachment":[{"href":"https:\/\/megavision.com.sv\/web\/wp-json\/wp\/v2\/media?parent=59300"}],"wp:term":[{"taxonomy":"category","embeddable":true,"href":"https:\/\/megavision.com.sv\/web\/wp-json\/wp\/v2\/categories?post=59300"},{"taxonomy":"post_tag","embeddable":true,"href":"https:\/\/megavision.com.sv\/web\/wp-json\/wp\/v2\/tags?post=59300"}],"curies":[{"name":"wp","href":"https:\/\/api.w.org\/{rel}","templated":true}]}}