{"id":59297,"date":"2022-12-01T11:53:55","date_gmt":"2022-12-01T17:53:55","guid":{"rendered":"https:\/\/megavision.com.sv\/?p=59297"},"modified":"2022-12-01T11:53:57","modified_gmt":"2022-12-01T17:53:57","slug":"no-siento-ninguna-presion-asegura-flick-antes-del-duelo-decisivo-de-alemania%ef%bf%bc","status":"publish","type":"post","link":"https:\/\/megavision.com.sv\/web\/no-siento-ninguna-presion-asegura-flick-antes-del-duelo-decisivo-de-alemania%ef%bf%bc\/","title":{"rendered":"\u201cNo siento ninguna presi\u00f3n\u201d, asegura Flick antes del duelo decisivo de Alemania\ufffc"},"content":{"rendered":"\n<p><em>AFP<\/em><\/p>\n\n\n\n<p>El seleccionador de Alemania, Hansi Flick, asegur\u00f3 el mi\u00e9rcoles que no se siente presionado ni cuestionado ante el decisivo partido ante Costa Rica, que su equipo debe ganar para evitar una segunda debacle mundialista consecutiva.<\/p>\n\n\n\n<p>\u201cNo siento ninguna presi\u00f3n. No la sent\u00ed despu\u00e9s de (perder contra) Jap\u00f3n y no la siento ahora\u201d, recalc\u00f3 Flick en una conferencia de prensa en Doha. \u201c\u00bfQu\u00e9 es la presi\u00f3n? Estamos jugando para pasar a los octavos de final. Eso es bueno y por eso estamos aqu\u00ed\u201d.<\/p>\n\n\n\n<p>Flick, que asumi\u00f3 el banquillo germano en 2021 con un contrato de tres temporadas, sonri\u00f3 al ser preguntado si podr\u00eda abandonar el cargo en caso de que Alemania repita una eliminaci\u00f3n en la fase de grupos como la de Rusia-2018.<\/p>\n\n\n\n<p>El t\u00e9cnico, ganador de la Liga de Campeones en 2020 con el Bayern de M\u00fanich, avanz\u00f3 que, por su lado, no tiene planes de dejar el puesto.<\/p>\n\n\n\n<p>\u201cPor mi parte puedo confirmar\u201d que no ser\u00e1 mi \u00faltimo partido, afirm\u00f3. \u201cNunca se sabe lo que puede ocurrir, pero espero con ganas la Eurocopa en casa de Alemania\u201d en 2024, afirm\u00f3. \u201cTengo un contrato hasta 2024. Pero a\u00fan falta mucho para eso\u201d.<\/p>\n\n\n\n<p>Alemania llega a la \u00faltima jornada de\u00a0Catar-2022 en el pozo del Grupo E con 1 solo punto, por detr\u00e1s de la l\u00edder\u00a0Espa\u00f1a, que tiene 4, y de Jap\u00f3n y Costa Rica, con 3.<\/p>\n\n\n\n<p>Dependiendo del resultado del\u00a0Espa\u00f1a-Jap\u00f3n, es posible que Alemania necesite para clasificar una goleada may\u00fascula por hasta ocho goles ante Costa Rica, escuadra que fue barrida en su debut 7-0 por\u00a0Espa\u00f1a.<\/p>\n\n\n\n<p>Flick asegur\u00f3 que sus c\u00e1lculos no pasan por la diferencia de goles y consider\u00f3 \u201cirrespetuosa\u201d la idea de que lograr\u00e1n ese tipo de resultado ante Costa Rica.<\/p>\n\n\n\n<p>\u201cCreo que es un poco irrespetuoso decir que vamos a marcar ocho goles contra Costa Rica. Estar\u00edamos contentos solo con ganar el partido\u201d, recalc\u00f3.<\/p>\n\n\n\n<p>Sobre el once inicial, Flick dijo que tiene disponible a todos sus jugadores y que el delantero Leroy San\u00e9, que jug\u00f3 el tramo final ante\u00a0Espa\u00f1a\u00a0tras recuperarse de una lesi\u00f3n, podr\u00eda ser titular.\u00a0<\/p>\n\n\n\n<p>Al igual que su colega Luis Fernando Su\u00e1rez, t\u00e9cnico de Costa Rica, Flick tambi\u00e9n aplaudi\u00f3 que se eligiera como \u00e1rbitra del choque a la francesa St\u00e9phanie Frappart, que ser\u00e1 la primera mujer en dirigir en el Mundial masculino.<\/p>\n\n\n\n<p>\u201cTengo un 100% de confianza. Creo que se merece su puesto con sus actuaciones\u201d, remarc\u00f3. \u201dEstoy emocionado por este partido, y espero que ella tambi\u00e9n lo est\u00e9\u201d.<\/p>\n","protected":false},"excerpt":{"rendered":"<p>AFP El seleccionador de Alemania, Hansi Flick, asegur\u00f3 el mi\u00e9rcoles que no se siente presionado ni cuestionado ante el decisivo partido ante Costa Rica, que&hellip; <\/p>\n","protected":false},"author":6,"featured_media":0,"comment_status":"closed","ping_status":"closed","sticky":false,"template":"","format":"standard","meta":{"footnotes":""},"categories":[30,26],"tags":[142,260,2979,2978,769],"class_list":["post-59297","post","type-post","status-publish","format-standard","hentry","category-deportes","category-noticias","tag-alemania","tag-catar-2022","tag-cosa-rica","tag-hansi-flick","tag-mundial-de-catar"],"_links":{"self":[{"href":"https:\/\/megavision.com.sv\/web\/wp-json\/wp\/v2\/posts\/59297","targetHints":{"allow":["GET"]}}],"collection":[{"href":"https:\/\/megavision.com.sv\/web\/wp-json\/wp\/v2\/posts"}],"about":[{"href":"https:\/\/megavision.com.sv\/web\/wp-json\/wp\/v2\/types\/post"}],"author":[{"embeddable":true,"href":"https:\/\/megavision.com.sv\/web\/wp-json\/wp\/v2\/users\/6"}],"replies":[{"embeddable":true,"href":"https:\/\/megavision.com.sv\/web\/wp-json\/wp\/v2\/comments?post=59297"}],"version-history":[{"count":1,"href":"https:\/\/megavision.com.sv\/web\/wp-json\/wp\/v2\/posts\/59297\/revisions"}],"predecessor-version":[{"id":59299,"href":"https:\/\/megavision.com.sv\/web\/wp-json\/wp\/v2\/posts\/59297\/revisions\/59299"}],"wp:attachment":[{"href":"https:\/\/megavision.com.sv\/web\/wp-json\/wp\/v2\/media?parent=59297"}],"wp:term":[{"taxonomy":"category","embeddable":true,"href":"https:\/\/megavision.com.sv\/web\/wp-json\/wp\/v2\/categories?post=59297"},{"taxonomy":"post_tag","embeddable":true,"href":"https:\/\/megavision.com.sv\/web\/wp-json\/wp\/v2\/tags?post=59297"}],"curies":[{"name":"wp","href":"https:\/\/api.w.org\/{rel}","templated":true}]}}