{"id":58719,"date":"2022-11-23T09:30:10","date_gmt":"2022-11-23T15:30:10","guid":{"rendered":"https:\/\/megavision.com.sv\/?p=58719"},"modified":"2022-11-23T09:30:12","modified_gmt":"2022-11-23T15:30:12","slug":"espana-dice-que-la-propuesta-de-bruselas-sobre-el-gas-es-una-tomadura-de-pelo%ef%bf%bc","status":"publish","type":"post","link":"https:\/\/megavision.com.sv\/web\/espana-dice-que-la-propuesta-de-bruselas-sobre-el-gas-es-una-tomadura-de-pelo%ef%bf%bc\/","title":{"rendered":"Espa\u00f1a dice que la propuesta de Bruselas sobre el gas es una \u201ctomadura de pelo\u201d\ufffc"},"content":{"rendered":"\n<p><em>AFP<\/em><\/p>\n\n\n\n<p>El gobierno espa\u00f1ol afirm\u00f3 este mi\u00e9rcoles que la propuesta de la Comisi\u00f3n Europea para limitar el precio mayorista del gas es una \u201ctomadura de pelo\u201d, a la que se opondr\u00e1 \u201cfuertemente\u201d.<\/p>\n\n\n\n<p>\u201cLe pedimos a la Comisi\u00f3n que elaborara una propuesta y, a \u00faltima hora, presenta esto, que no es una propuesta, sino una tomadura de pelo\u201d, declar\u00f3 a la prensa la ministra espa\u00f1ola para la Transici\u00f3n Ecol\u00f3gica, Teresa Ribera.<\/p>\n\n\n\n<p>La propuesta \u201ces claramente insuficiente, no vamos por el buen camino\u201d, estim\u00f3 de su lado en rueda de prensa el presidente del gobierno, Pedro S\u00e1nchez.<\/p>\n\n\n\n<p>\u201cLa propuesta lo que genera es el efecto contrario del deseado, provoca un mayor incremento artificial de precios, poniendo en riesgo todas las pol\u00edticas de contenci\u00f3n de precios\u201d, dijo la ministra Ribera, afirmando que la Comisi\u00f3n \u201cno se ha tomado en serio esta propuesta\u201d.<\/p>\n\n\n\n<p>La Comisi\u00f3n Europea present\u00f3 el martes una propuesta de legislaci\u00f3n para limitar determinados precios mayoristas de referencia en el mercado de gas de la Uni\u00f3n Europea (UE), pero con unas condiciones dif\u00edciles de alcanzar, con la intenci\u00f3n de convencer a los Estados miembros que se resisten a este mecanismo.<\/p>\n\n\n\n<p>\u201cLa Comisi\u00f3n va a o\u00edr cosas muy duras ma\u00f1ana por la inmensa mayor\u00eda de ministros\u201d de los pa\u00edses a los que no les gusta la propuesta, dijo Ribera, en referencia a la reuni\u00f3n del jueves de ministros europeos de Energ\u00eda, donde desde el gobierno espa\u00f1ol \u201cnos vamos a oponer fuertemente\u201d.<\/p>\n\n\n\n<p>El dispositivo previsto por Bruselas prev\u00e9 limitar por un a\u00f1o los precios de los contratos mensuales (para entrega al mes siguiente) en el mercado de referencia de gas holand\u00e9s TTF. Entrar\u00eda en vigor autom\u00e1ticamente cuando los precios de los contratos mensuales superasen los 275 euros por megavatio\/hora durante dos semanas consecutivas.<\/p>\n\n\n\n<p>Pero las contrataciones mensuales solo superaron este a\u00f1o los 275 euros por megavatio\/hora durante un muy breve per\u00edodo, a finales de agosto, con un pico en torno a los 350 euros, cuando los pa\u00edses de la UE compet\u00edan por llenar sus reservas. Actualmente los precios est\u00e1n en alrededor de 120 euros.<\/p>\n\n\n\n<p>Ante una pregunta de la AFP, una portavoz de la Comisi\u00f3n admiti\u00f3 que el mecanismo no hubiera funcionado durante la subida de precios de agosto.&nbsp;<\/p>\n\n\n\n<p>Sin embargo, \u201chemos dise\u00f1ado\u201d este mecanismo \u201cpara anticiparnos y evitar que esta situaci\u00f3n se presente en el futuro\u201d, precis\u00f3.<\/p>\n","protected":false},"excerpt":{"rendered":"<p>AFP El gobierno espa\u00f1ol afirm\u00f3 este mi\u00e9rcoles que la propuesta de la Comisi\u00f3n Europea para limitar el precio mayorista del gas es una \u201ctomadura de&hellip; <\/p>\n","protected":false},"author":6,"featured_media":0,"comment_status":"closed","ping_status":"closed","sticky":false,"template":"","format":"standard","meta":{"footnotes":""},"categories":[26],"tags":[2731,2732,447,593,2407],"class_list":["post-58719","post","type-post","status-publish","format-standard","hentry","category-noticias","tag-bruselas","tag-comision-europea","tag-espana","tag-gas","tag-gobierno-espanol"],"_links":{"self":[{"href":"https:\/\/megavision.com.sv\/web\/wp-json\/wp\/v2\/posts\/58719","targetHints":{"allow":["GET"]}}],"collection":[{"href":"https:\/\/megavision.com.sv\/web\/wp-json\/wp\/v2\/posts"}],"about":[{"href":"https:\/\/megavision.com.sv\/web\/wp-json\/wp\/v2\/types\/post"}],"author":[{"embeddable":true,"href":"https:\/\/megavision.com.sv\/web\/wp-json\/wp\/v2\/users\/6"}],"replies":[{"embeddable":true,"href":"https:\/\/megavision.com.sv\/web\/wp-json\/wp\/v2\/comments?post=58719"}],"version-history":[{"count":1,"href":"https:\/\/megavision.com.sv\/web\/wp-json\/wp\/v2\/posts\/58719\/revisions"}],"predecessor-version":[{"id":58721,"href":"https:\/\/megavision.com.sv\/web\/wp-json\/wp\/v2\/posts\/58719\/revisions\/58721"}],"wp:attachment":[{"href":"https:\/\/megavision.com.sv\/web\/wp-json\/wp\/v2\/media?parent=58719"}],"wp:term":[{"taxonomy":"category","embeddable":true,"href":"https:\/\/megavision.com.sv\/web\/wp-json\/wp\/v2\/categories?post=58719"},{"taxonomy":"post_tag","embeddable":true,"href":"https:\/\/megavision.com.sv\/web\/wp-json\/wp\/v2\/tags?post=58719"}],"curies":[{"name":"wp","href":"https:\/\/api.w.org\/{rel}","templated":true}]}}