{"id":58426,"date":"2022-11-18T09:36:00","date_gmt":"2022-11-18T15:36:00","guid":{"rendered":"https:\/\/megavision.com.sv\/?p=58426"},"modified":"2022-11-18T09:36:02","modified_gmt":"2022-11-18T15:36:02","slug":"la-cop27-se-alarga-al-sabado-bloqueada-por-la-financiacion-del-clima%ef%bf%bc","status":"publish","type":"post","link":"https:\/\/megavision.com.sv\/web\/la-cop27-se-alarga-al-sabado-bloqueada-por-la-financiacion-del-clima%ef%bf%bc\/","title":{"rendered":"La COP27 se alarga al s\u00e1bado, bloqueada por la financiaci\u00f3n del clima\ufffc"},"content":{"rendered":"\n<p><em>AFP<\/em><\/p>\n\n\n\n<p>Los pa\u00edses presentes en la conferencia sobre el cambio clim\u00e1tico de la ONU (COP27) seguir\u00e1n negociando el s\u00e1bado, m\u00e1s all\u00e1 de su l\u00edmite oficial este viernes, ante la falta de acuerdo sobre las finanzas, en particular la creaci\u00f3n de un fondo de p\u00e9rdidas y da\u00f1os para las naciones m\u00e1s afectadas.<\/p>\n\n\n\n<p>\u201cSigo comprometido con llevar esta conferencia a t\u00e9rmino ma\u00f1ana (s\u00e1bado), de manera ordenada\u201d, declar\u00f3 ante las casi 200 delegaciones el canciller egipcio y presidente de la COP27, Sameh Shukri.<\/p>\n\n\n\n<p>Compensar a los pa\u00edses que menos gases de efecto invernadero emiten pero que sufren las consecuencias de fen\u00f3menos meteorol\u00f3gicos extremos es una vieja aspiraci\u00f3n de los pa\u00edses del Sur.<\/p>\n\n\n\n<p>Por primera vez en 30 a\u00f1os, la propuesta est\u00e1 en ciernes de ser aprobada. Las negociaciones se aceleraron tras la presentaci\u00f3n la v\u00edspera de una iniciativa de la Uni\u00f3n Europea (UE).<\/p>\n\n\n\n<p>Pero el borrador del texto final de la COP27, de unas 10 p\u00e1ginas, a\u00fan contiene demasiados interrogantes, como es habitual en las conferencias del clima de la ONU.<\/p>\n\n\n\n<p>El canciller egipcio se manifest\u00f3 \u201cpreocupado\u201d por la cantidad de cuestiones pendientes, sobre \u201cfinanciaci\u00f3n, mitigaci\u00f3n [de las emisiones de gases de efecto invernadero], p\u00e9rdidas y da\u00f1os, todas ellas entrelazadas&#8221;.<\/p>\n\n\n\n<p>\u201cLlamo a las partes a trabajar juntas para resolver estas cuestiones pendientes lo antes posible\u201d, enfatiz\u00f3 Shukri.<\/p>\n\n\n\n<h2 class=\"wp-block-heading\">&#8211;\u00a0\u201cLa \u00faltima oferta\u201d &#8211;<\/h2>\n\n\n\n<p>Determinar qu\u00e9 pa\u00edses exactamente pueden aspirar a un fondo que compense por las p\u00e9rdidas y da\u00f1os del cambio clim\u00e1tico, y qui\u00e9n debe contribuir, es objeto de \u00e1speras negociaciones.<\/p>\n\n\n\n<p>La UE puso sobre la mesa la creaci\u00f3n de un \u201cFondo de Respuesta\u201d para los pa\u00edses m\u00e1s vulnerables, en la noche del jueves.<\/p>\n\n\n\n<p>El vicepresidente de la Comisi\u00f3n Europea, Frans Timmermans, pidi\u00f3 \u201campliar la base de donantes\u201d, una clara alusi\u00f3n a China, el principal emisor de gases y la segunda econom\u00eda del planeta.<\/p>\n\n\n\n<p>El delegado chino en la sesi\u00f3n plenaria, Zhao Yingmin, se limit\u00f3 a pedir que \u201cno se reescriba\u201d el Acuerdo de Par\u00eds.<\/p>\n\n\n\n<p>Ese acuerdo hist\u00f3rico de 2015 sent\u00f3 las bases del compromiso actual contra el cambio clim\u00e1tico, pero record\u00f3 que la responsabilidad es com\u00fan aunque diferenciada, es decir, que los pa\u00edses desarrollados deben contribuir mucho m\u00e1s en funci\u00f3n de su historial de emisiones y uso de recursos naturales.<\/p>\n\n\n\n<p>Timmermans pidi\u00f3 tambi\u00e9n que, a cambio de ese fondo, todo el mundo endurezca sus objetivos de reducci\u00f3n de emisi\u00f3n de gases.<\/p>\n\n\n\n<p>Solo una treintena de pa\u00edses presentaron nuevos objetivos de recorte de emisiones a su llegada a Sharm el Sheij, a pesar de que era uno de los llamados de la anterior COP, el a\u00f1o pasado en Glasgow.<\/p>\n\n\n\n<p>Esa propuesta de fondo \u201ces la \u00faltima oferta\u201d de la UE, reiter\u00f3 Timmermans a la prensa este viernes. \u00a0<\/p>\n\n\n\n<p>\u201cTenemos que sacar adelante el trabajo sobre p\u00e9rdidas y da\u00f1os aqu\u00ed, en esta COP\u201d, pidi\u00f3 el representante noruego, Espen Barth Eide.<\/p>\n\n\n\n<p>Y al mismo tiempo, \u201ctenemos que confirmar de nuevo esa promesa\u201d de mantener el calentamiento del planeta en un m\u00e1ximo de +1,5 \u00baC, record\u00f3, lo que implica recortar a la mitad las emisiones de aqu\u00ed a 2030, seg\u00fan los cient\u00edficos.<\/p>\n\n\n\n<p>De lo que se trata es de \u201csituar la vulnerabilidad (al cambio clim\u00e1tico) en el centro de este debate\u201d, replic\u00f3 la ministra de Cambio Clim\u00e1tico paquistan\u00ed, Sherry Rehman, que representa al grupo negociador m\u00e1s numeroso (G77, con 134 pa\u00edses).<\/p>\n\n\n\n<h2 class=\"wp-block-heading\">&#8211; Las promesas incumplidas &#8211;<\/h2>\n\n\n\n<p>Entre los pa\u00edses en v\u00edas de desarrollo existe una considerable desconfianza por las promesas incumplidas.<\/p>\n\n\n\n<p>En 2009, los pa\u00edses desarrollados prometieron que a partir de 2020 se desembolsar\u00edan 100,000 millones de d\u00f3lares anuales para ayudar a los pa\u00edses pobres a adaptarse al cambio clim\u00e1tico y a disminuir sus emisiones, y al mismo tiempo emprender la transici\u00f3n energ\u00e9tica.<\/p>\n\n\n\n<p>El presidente electo brasile\u00f1o, Luiz In\u00e1cio Lula da Silva, record\u00f3 el jueves, en su visita a la COP27, que ese dinero todav\u00eda no ha sido distribuido en su totalidad.<\/p>\n\n\n\n<p>Y ese monto de 100,000 millones de d\u00f3lares debe ser aumentado en principio a partir de 2025.<\/p>\n\n\n\n<p>La negociaci\u00f3n final de las conferencias del clima de la ONU acostumbran a ser un mercadeo de frases y t\u00e9rminos jur\u00eddicos.<\/p>\n\n\n\n<p>Estados Unidos, que no intervino en la sesi\u00f3n plenaria del viernes, es un decidido partidario de incrementar los compromisos, pero ha rechazado hasta ahora la creaci\u00f3n de un nuevo mecanismo financiero.<\/p>\n\n\n\n<p>Su silencio es \u201censordecedor\u201d en el tramo final de la COP27, coment\u00f3 Pretty Bhandari, una experta del World Resources Institute.<\/p>\n","protected":false},"excerpt":{"rendered":"<p>AFP Los pa\u00edses presentes en la conferencia sobre el cambio clim\u00e1tico de la ONU (COP27) seguir\u00e1n negociando el s\u00e1bado, m\u00e1s all\u00e1 de su l\u00edmite oficial&hellip; <\/p>\n","protected":false},"author":6,"featured_media":0,"comment_status":"closed","ping_status":"closed","sticky":false,"template":"","format":"standard","meta":{"footnotes":""},"categories":[26],"tags":[221,432,2248],"class_list":["post-58426","post","type-post","status-publish","format-standard","hentry","category-noticias","tag-cambio-climatico","tag-clima","tag-cop27"],"_links":{"self":[{"href":"https:\/\/megavision.com.sv\/web\/wp-json\/wp\/v2\/posts\/58426","targetHints":{"allow":["GET"]}}],"collection":[{"href":"https:\/\/megavision.com.sv\/web\/wp-json\/wp\/v2\/posts"}],"about":[{"href":"https:\/\/megavision.com.sv\/web\/wp-json\/wp\/v2\/types\/post"}],"author":[{"embeddable":true,"href":"https:\/\/megavision.com.sv\/web\/wp-json\/wp\/v2\/users\/6"}],"replies":[{"embeddable":true,"href":"https:\/\/megavision.com.sv\/web\/wp-json\/wp\/v2\/comments?post=58426"}],"version-history":[{"count":1,"href":"https:\/\/megavision.com.sv\/web\/wp-json\/wp\/v2\/posts\/58426\/revisions"}],"predecessor-version":[{"id":58428,"href":"https:\/\/megavision.com.sv\/web\/wp-json\/wp\/v2\/posts\/58426\/revisions\/58428"}],"wp:attachment":[{"href":"https:\/\/megavision.com.sv\/web\/wp-json\/wp\/v2\/media?parent=58426"}],"wp:term":[{"taxonomy":"category","embeddable":true,"href":"https:\/\/megavision.com.sv\/web\/wp-json\/wp\/v2\/categories?post=58426"},{"taxonomy":"post_tag","embeddable":true,"href":"https:\/\/megavision.com.sv\/web\/wp-json\/wp\/v2\/tags?post=58426"}],"curies":[{"name":"wp","href":"https:\/\/api.w.org\/{rel}","templated":true}]}}