{"id":57835,"date":"2022-11-08T12:32:08","date_gmt":"2022-11-08T18:32:08","guid":{"rendered":"https:\/\/megavision.com.sv\/?p=57835"},"modified":"2022-11-08T14:40:05","modified_gmt":"2022-11-08T20:40:05","slug":"shakira-y-gerard-pique-alcanzan-acuerdo-por-la-custodia-de-sus-hijos%ef%bf%bc","status":"publish","type":"post","link":"https:\/\/megavision.com.sv\/web\/shakira-y-gerard-pique-alcanzan-acuerdo-por-la-custodia-de-sus-hijos%ef%bf%bc\/","title":{"rendered":"Shakira y Gerard Piqu\u00e9 alcanzan acuerdo por la custodia de sus hijos\ufffc"},"content":{"rendered":"\n<p><em>AFP<\/em><\/p>\n\n\n\n<p>La estrella colombiana Shakira y Gerard Piqu\u00e9 alcanzaron un acuerdo para la custodia de sus dos hijos por el que la artista dejar\u00e1 Barcelona y se trasladar\u00e1 a Miami con los ni\u00f1os, informaron fuentes conocedoras del pacto sellado cinco meses despu\u00e9s de anunciar la separaci\u00f3n.<\/p>\n\n\n\n<p>\u201cQueremos comunicar que hemos firmado un acuerdo que garantiza el bienestar de nuestros hijos y que se ratificar\u00e1 en el juzgado, como parte de un tr\u00e1mite meramente formal\u201d, indic\u00f3 este martes el equipo de comunicaci\u00f3n de Shakira, en un mensaje firmado conjuntamente por la cantante y Piqu\u00e9.<\/p>\n\n\n\n<p>\u201cNuestro \u00fanico objetivo es aportarles la mayor seguridad y protecci\u00f3n, y confiamos en que se respete su intimidad\u201d, agrega la escueta nota, que no da detalles sobre los t\u00e9rminos del pacto cerrado en una \u00faltima reuni\u00f3n de casi 13 horas en Barcelona, que se extendi\u00f3 hasta entrada la noche del lunes.<\/p>\n\n\n\n<p>El abogado de Gerard Piqu\u00e9 -que la semana pasada anunci\u00f3 su sorpresiva retirada del f\u00fatbol profesional-, confirm\u00f3 a AFP que Shakira tiene previsto mudarse a Miami con sus hijos en una fecha todav\u00eda por definir para reactivar su carrera profesional.<\/p>\n\n\n\n<p>Ahora con m\u00e1s margen de movimiento, Piqu\u00e9 dispondr\u00e1 de diez d\u00edas al mes para estar con ellos, adem\u00e1s de parte de las vacaciones escolares estadounidenses.<\/p>\n\n\n\n<p>\u201cAqu\u00ed no ha ganado uno y ha perdido otro, si ha ganado alguien han sido los ni\u00f1os\u201d, explic\u00f3 a AFP el letrado del futbolista, Ram\u00f3n Tamborero, sobre esta compleja negociaci\u00f3n que se ha extendido durante meses.<\/p>\n\n\n\n<p>Shakira, de 45 a\u00f1os, y Piqu\u00e9, de 35, anunciaron en 2011 su relaci\u00f3n sentimental, de la que despu\u00e9s nacer\u00edan dos hijos, Milan y Sasha, en 2013 y 2015. Tras m\u00e1s de una d\u00e9cada juntos conviviendo mayormente en Barcelona, la pareja anunci\u00f3 su separaci\u00f3n a comienzos de junio.<\/p>\n\n\n\n<p>A la cantante colombiana, que nunca lleg\u00f3 a estar casada con Piqu\u00e9 ni a compartir patrimonio, le queda sin embargo un asunto pendiente en Espa\u00f1a, ya que la justicia a\u00fan debe fijar la fecha para su juicio por fraude fiscal.<\/p>\n\n\n\n<p>La Fiscal\u00eda solicita para ella m\u00e1s de ocho a\u00f1os de c\u00e1rcel y una multa de cerca de 24 millones de euros (24,2 millones de d\u00f3lares), bajo acusaci\u00f3n de haber defraudado 14,5 millones al fisco espa\u00f1ol entre 2012 y 2014.<\/p>\n\n\n\n<p>La artista, de su lado, defiende su inocencia y niega todas las acusaciones.<\/p>\n","protected":false},"excerpt":{"rendered":"<p>AFP La estrella colombiana Shakira y Gerard Piqu\u00e9 alcanzaron un acuerdo para la custodia de sus dos hijos por el que la artista dejar\u00e1 Barcelona&hellip; <\/p>\n","protected":false},"author":6,"featured_media":0,"comment_status":"closed","ping_status":"closed","sticky":false,"template":"","format":"standard","meta":{"footnotes":""},"categories":[28,34,29],"tags":[178,2175,834,2267,1167],"class_list":["post-57835","post","type-post","status-publish","format-standard","hentry","category-entretenimiento","category-exit","category-juveniles","tag-barcelona","tag-gerard-pique","tag-miami","tag-separacion","tag-shakira"],"_links":{"self":[{"href":"https:\/\/megavision.com.sv\/web\/wp-json\/wp\/v2\/posts\/57835","targetHints":{"allow":["GET"]}}],"collection":[{"href":"https:\/\/megavision.com.sv\/web\/wp-json\/wp\/v2\/posts"}],"about":[{"href":"https:\/\/megavision.com.sv\/web\/wp-json\/wp\/v2\/types\/post"}],"author":[{"embeddable":true,"href":"https:\/\/megavision.com.sv\/web\/wp-json\/wp\/v2\/users\/6"}],"replies":[{"embeddable":true,"href":"https:\/\/megavision.com.sv\/web\/wp-json\/wp\/v2\/comments?post=57835"}],"version-history":[{"count":1,"href":"https:\/\/megavision.com.sv\/web\/wp-json\/wp\/v2\/posts\/57835\/revisions"}],"predecessor-version":[{"id":57836,"href":"https:\/\/megavision.com.sv\/web\/wp-json\/wp\/v2\/posts\/57835\/revisions\/57836"}],"wp:attachment":[{"href":"https:\/\/megavision.com.sv\/web\/wp-json\/wp\/v2\/media?parent=57835"}],"wp:term":[{"taxonomy":"category","embeddable":true,"href":"https:\/\/megavision.com.sv\/web\/wp-json\/wp\/v2\/categories?post=57835"},{"taxonomy":"post_tag","embeddable":true,"href":"https:\/\/megavision.com.sv\/web\/wp-json\/wp\/v2\/tags?post=57835"}],"curies":[{"name":"wp","href":"https:\/\/api.w.org\/{rel}","templated":true}]}}