{"id":57567,"date":"2022-11-03T12:34:04","date_gmt":"2022-11-03T18:34:04","guid":{"rendered":"https:\/\/megavision.com.sv\/?p=57567"},"modified":"2022-11-03T12:34:06","modified_gmt":"2022-11-03T18:34:06","slug":"el-cierre-por-un-dia-del-museo-de-florencia-suscita-altercado-en-italia%ef%bf%bc","status":"publish","type":"post","link":"https:\/\/megavision.com.sv\/web\/el-cierre-por-un-dia-del-museo-de-florencia-suscita-altercado-en-italia%ef%bf%bc\/","title":{"rendered":"El cierre por un d\u00eda del museo de Florencia suscita altercado en Italia\ufffc"},"content":{"rendered":"\n<p><em>AFP<\/em><\/p>\n\n\n\n<p>El cierre por el D\u00eda de Todos los Santos del c\u00e9lebre museo de Los Oficios de Florencia, provoc\u00f3 este jueves un fuerte altercado entre el nuevo ministro de Cultura de Italia y el director del museo, entre los m\u00e1s visitados de la pen\u00ednsula.<\/p>\n\n\n\n<p>En una carta p\u00fablica, el director del complejo de museos florentinos, el alem\u00e1n Eike Schmidt, respondi\u00f3 a las cr\u00edticas, tambi\u00e9n p\u00fablicas, del ministro\u00a0Gennaro Sangiuliano por el cierre del museo en plena temporada tur\u00edstica, lo que \u201cimpidi\u00f3 a miles de personas de visitar el museo durante la fiesta del 1 de noviembre\u201d, lament\u00f3.<\/p>\n\n\n\n<p>\u201cEstoy tan escandalizado como usted por estos cierres. Desgraciadamente, el problema de la escasez de personal es end\u00e9mico y afecta pr\u00e1cticamente a todo el panorama muse\u00edstico, bibliotecario y archiv\u00edstico nacional. La situaci\u00f3n no se puede resolver sin una intervenci\u00f3n clara y decidida del gobierno central\u201d, respondi\u00f3 Schmidt, quien dirige el museo florentino desde 2015.<\/p>\n\n\n\n<p>\u201cMe parece que en circunstancias similares otros museos e incluso Los Oficios, han cambiado su d\u00eda habitual de cierre para evitar molestias a los visitantes y turistas\u201d, subraya en su misiva el ministro, tildando de \u201cmuy grave\u201d lo ocurrido.\u00a0<\/p>\n\n\n\n<p>\u201cNo creo que con su inteligencia no considerara la p\u00e9rdida de ingresos que representa ese cierre. Es un ataque a la imagen de Los Oficios y de todos los museos\u201d, a\u00f1adi\u00f3 con tono indignado.\u00a0<\/p>\n\n\n\n<p>Ante la andanada de reproches, Schmidt, cuya manejo del museo es conocido por su enfoque creativo y amplio, respondi\u00f3 con un an\u00e1lisis complejo de la situaci\u00f3n.<\/p>\n\n\n\n<p>\u201cDurante siete a\u00f1os y a pesar del aumento del n\u00famero de visitantes, la plantilla del personal ha sido reducida por decenas\u201d, explic\u00f3.\u00a0<\/p>\n\n\n\n<p>\u201cHacemos siempre todo lo posible para garantizar vacantes y horas extraordinarias, pero si no revertimos las reducciones de personal, no podremos hacerlo m\u00e1s\u201d, confes\u00f3.\u00a0<\/p>\n\n\n\n<p>\u201cHace a\u00f1os que vengo pidiendo refuerzos al ministerio, porque la contrataci\u00f3n de personal no es responsabilidad de los museos (\u2026) sino del ministerio\u201d, subray\u00f3 Schmidt.\u00a0<\/p>\n\n\n\n<p>En agosto pasado, el director del complejo florentino dio la voz de alarma para el museo que en 2021 fue el m\u00e1s visitado de Italia, con m\u00e1s de 1,7 millones de visitantes.&nbsp;<\/p>\n\n\n\n<p>El museo de los Oficios de Florencia, que fueron abiertos al p\u00fablico en 1765, conservan m\u00e1s de 8.000 m2 de obras maestras de la pintura italiana, en particular de artistas del Renacimiento, entre ellos Botticelli, Leonardo da Vinci, Miguel \u00c1ngel, Rafael e incluso Caravaggio y Tiziano.<\/p>\n","protected":false},"excerpt":{"rendered":"<p>AFP El cierre por el D\u00eda de Todos los Santos del c\u00e9lebre museo de Los Oficios de Florencia, provoc\u00f3 este jueves un fuerte altercado entre&hellip; <\/p>\n","protected":false},"author":6,"featured_media":0,"comment_status":"closed","ping_status":"closed","sticky":false,"template":"","format":"standard","meta":{"footnotes":""},"categories":[33,28,29],"tags":[758,2162],"class_list":["post-57567","post","type-post","status-publish","format-standard","hentry","category-el-sotano","category-entretenimiento","category-juveniles","tag-italia","tag-museo-de-florencia"],"_links":{"self":[{"href":"https:\/\/megavision.com.sv\/web\/wp-json\/wp\/v2\/posts\/57567","targetHints":{"allow":["GET"]}}],"collection":[{"href":"https:\/\/megavision.com.sv\/web\/wp-json\/wp\/v2\/posts"}],"about":[{"href":"https:\/\/megavision.com.sv\/web\/wp-json\/wp\/v2\/types\/post"}],"author":[{"embeddable":true,"href":"https:\/\/megavision.com.sv\/web\/wp-json\/wp\/v2\/users\/6"}],"replies":[{"embeddable":true,"href":"https:\/\/megavision.com.sv\/web\/wp-json\/wp\/v2\/comments?post=57567"}],"version-history":[{"count":1,"href":"https:\/\/megavision.com.sv\/web\/wp-json\/wp\/v2\/posts\/57567\/revisions"}],"predecessor-version":[{"id":57569,"href":"https:\/\/megavision.com.sv\/web\/wp-json\/wp\/v2\/posts\/57567\/revisions\/57569"}],"wp:attachment":[{"href":"https:\/\/megavision.com.sv\/web\/wp-json\/wp\/v2\/media?parent=57567"}],"wp:term":[{"taxonomy":"category","embeddable":true,"href":"https:\/\/megavision.com.sv\/web\/wp-json\/wp\/v2\/categories?post=57567"},{"taxonomy":"post_tag","embeddable":true,"href":"https:\/\/megavision.com.sv\/web\/wp-json\/wp\/v2\/tags?post=57567"}],"curies":[{"name":"wp","href":"https:\/\/api.w.org\/{rel}","templated":true}]}}