{"id":56591,"date":"2022-10-19T14:58:23","date_gmt":"2022-10-19T20:58:23","guid":{"rendered":"https:\/\/megavision.com.sv\/?p=56591"},"modified":"2022-10-19T14:58:25","modified_gmt":"2022-10-19T20:58:25","slug":"el-director-ruso-serebrennikov-rodara-pelicula-sobre-el-doctor-nazi-josef-mengele%ef%bf%bc","status":"publish","type":"post","link":"https:\/\/megavision.com.sv\/web\/el-director-ruso-serebrennikov-rodara-pelicula-sobre-el-doctor-nazi-josef-mengele%ef%bf%bc\/","title":{"rendered":"El director ruso Serebrennikov rodar\u00e1 pel\u00edcula sobre el doctor nazi Josef Mengele\ufffc"},"content":{"rendered":"\n<p><em>AFP<\/em><\/p>\n\n\n\n<p>El director de cine ruso exiliado Kirill Serebrennikov rodar\u00e1 pr\u00f3ximamente en Alemania y en Am\u00e9rica Latina una pel\u00edcula sobre el doctor y ex oficial nazi Josef Mengele, que permaneci\u00f3 escondido en varios pa\u00edses de esa regi\u00f3n, inform\u00f3 este mi\u00e9rcoles su productora.<\/p>\n\n\n\n<p>El largometraje est\u00e1 basado en la novela \u201cLa desaparici\u00f3n de Josef Mengele\u201d, del franc\u00e9s Olivier Guez, que logr\u00f3 el Premio Renaudot en Francia en 2017.<\/p>\n\n\n\n<p>El criminal de guerra nazi ser\u00e1 interpretado por el actor alem\u00e1n Augst Diehl, que actu\u00f3 en \u201cVida oculta\u201d de Terrence Malick e \u201cInglorious Bastards\u201d de Quentin Tarantino.<\/p>\n\n\n\n<p>El rodaje tendr\u00e1 lugar durante el pr\u00f3ximo verano boreal, precis\u00f3 a la AFP uno de los productores, Charles Gillibert, que confirm\u00f3 una informaci\u00f3n del sitio web Variety.<\/p>\n\n\n\n<p>Kirill Serebrennikov, de 53 a\u00f1os, se convirti\u00f3 en los \u00faltimos a\u00f1os en uno de los s\u00edmbolos de la oposici\u00f3n rusa al r\u00e9gimen de Vladimir Putin.<\/p>\n\n\n\n<p>Es el autor de pel\u00edculas como \u201cLeto\u201d, \u201cLa fiebre de Petrov\u201d o \u201cLa mujer de Chaikovski\u201d, presentada en el \u00faltimo Festival de Cannes.<\/p>\n\n\n\n<p>Serebrennikov acaba de terminar el rodaje de otra adaptaci\u00f3n de una novela francesa, \u201cLimonov\u201d de Emmanuel Carr\u00e8re, explic\u00f3 su productor.<\/p>\n\n\n\n<p>Josef Mengele, conocido como el \u201cAngel de la Muerte\u201d, mand\u00f3 a miles de jud\u00edos a la muerte en Auschwitz y muri\u00f3 accidentalmente en Brasil en 1979.<\/p>\n","protected":false},"excerpt":{"rendered":"<p>AFP El director de cine ruso exiliado Kirill Serebrennikov rodar\u00e1 pr\u00f3ximamente en Alemania y en Am\u00e9rica Latina una pel\u00edcula sobre el doctor y ex oficial&hellip; <\/p>\n","protected":false},"author":6,"featured_media":0,"comment_status":"closed","ping_status":"closed","sticky":false,"template":"","format":"standard","meta":{"footnotes":""},"categories":[28,34,29],"tags":[1833,1834,1835],"class_list":["post-56591","post","type-post","status-publish","format-standard","hentry","category-entretenimiento","category-exit","category-juveniles","tag-director-ruso-serebrennikov","tag-doctor-nazi-josef-mengele","tag-pelicula"],"_links":{"self":[{"href":"https:\/\/megavision.com.sv\/web\/wp-json\/wp\/v2\/posts\/56591","targetHints":{"allow":["GET"]}}],"collection":[{"href":"https:\/\/megavision.com.sv\/web\/wp-json\/wp\/v2\/posts"}],"about":[{"href":"https:\/\/megavision.com.sv\/web\/wp-json\/wp\/v2\/types\/post"}],"author":[{"embeddable":true,"href":"https:\/\/megavision.com.sv\/web\/wp-json\/wp\/v2\/users\/6"}],"replies":[{"embeddable":true,"href":"https:\/\/megavision.com.sv\/web\/wp-json\/wp\/v2\/comments?post=56591"}],"version-history":[{"count":1,"href":"https:\/\/megavision.com.sv\/web\/wp-json\/wp\/v2\/posts\/56591\/revisions"}],"predecessor-version":[{"id":56595,"href":"https:\/\/megavision.com.sv\/web\/wp-json\/wp\/v2\/posts\/56591\/revisions\/56595"}],"wp:attachment":[{"href":"https:\/\/megavision.com.sv\/web\/wp-json\/wp\/v2\/media?parent=56591"}],"wp:term":[{"taxonomy":"category","embeddable":true,"href":"https:\/\/megavision.com.sv\/web\/wp-json\/wp\/v2\/categories?post=56591"},{"taxonomy":"post_tag","embeddable":true,"href":"https:\/\/megavision.com.sv\/web\/wp-json\/wp\/v2\/tags?post=56591"}],"curies":[{"name":"wp","href":"https:\/\/api.w.org\/{rel}","templated":true}]}}