{"id":54602,"date":"2022-09-19T09:33:16","date_gmt":"2022-09-19T15:33:16","guid":{"rendered":"https:\/\/megavision.com.sv\/?p=54602"},"modified":"2022-09-19T09:41:24","modified_gmt":"2022-09-19T15:41:24","slug":"este-lunes-se-esperan-tormentas-sobre-la-franja-costera-cadena-volcanica-y-zonas-montanosas-del-pais","status":"publish","type":"post","link":"https:\/\/megavision.com.sv\/web\/este-lunes-se-esperan-tormentas-sobre-la-franja-costera-cadena-volcanica-y-zonas-montanosas-del-pais\/","title":{"rendered":"Este lunes se esperan tormentas sobre la franja costera, cadena volc\u00e1nica y zonas monta\u00f1osas del pa\u00eds"},"content":{"rendered":"\n<p>Este lunes 19 de septiembre, el Ministerio de Medio Ambiente y Recursos Naturales (MARN) prev\u00e9 un cielo nublado, con precipitaciones sobre la franja costera, cadena volc\u00e1nica y zonas monta\u00f1osas.<\/p>\n\n\n\n<p>Los vientos durante el d\u00eda ser\u00e1n del sur-sureste a una velocidad de 10 a 20 km\/h, por influencia de una baja presi\u00f3n ubicada al suroeste de Guatemala, que desplaza cierto contenido de humedad hacia el territorio.<\/p>\n\n\n\n<p>De acuerdo al MAR, el ambiente continuar\u00e1 relativamente c\u00e1lido en horas diurnas y fresco por la noche y en la madrugada.<\/p>\n\n\n\n<blockquote class=\"twitter-tweet\"><p lang=\"es\" dir=\"ltr\">\ud83d\udccc<a href=\"https:\/\/twitter.com\/hashtag\/ElObservatorioInforma?src=hash&amp;ref_src=twsrc%5Etfw\">#ElObservatorioInforma<\/a> que hoy esperamos tormentas sobre la franja norte, parte del centro y occidente y franja costera oriental, por humedad del Pac\u00edfico y del Mar Caribe. Recuerda seguir nuestras actualizaciones del pron\u00f3stico del tiempo y sigue indicaciones de <a href=\"https:\/\/twitter.com\/PROCIVILSV?ref_src=twsrc%5Etfw\">@PROCIVILSV<\/a>. <a href=\"https:\/\/t.co\/ds0qBs7vuD\">pic.twitter.com\/ds0qBs7vuD<\/a><\/p>\u2014 Ministerio de Medio Ambiente (@MedioAmbienteSV) <a href=\"https:\/\/twitter.com\/MedioAmbienteSV\/status\/1571867610647609353?ref_src=twsrc%5Etfw\">September 19, 2022<\/a><\/blockquote> <script async=\"\" src=\"https:\/\/platform.twitter.com\/widgets.js\" charset=\"utf-8\"><\/script>\n","protected":false},"excerpt":{"rendered":"<p>Este lunes 19 de septiembre, el Ministerio de Medio Ambiente y Recursos Naturales (MARN) prev\u00e9 un cielo nublado, con precipitaciones sobre la franja costera, cadena&hellip; <\/p>\n","protected":false},"author":6,"featured_media":0,"comment_status":"closed","ping_status":"closed","sticky":false,"template":"","format":"standard","meta":{"footnotes":""},"categories":[26],"tags":[125,141],"class_list":["post-54602","post","type-post","status-publish","format-standard","hentry","category-noticias","tag-marn","tag-ministerio-de-medio-ambiente"],"_links":{"self":[{"href":"https:\/\/megavision.com.sv\/web\/wp-json\/wp\/v2\/posts\/54602","targetHints":{"allow":["GET"]}}],"collection":[{"href":"https:\/\/megavision.com.sv\/web\/wp-json\/wp\/v2\/posts"}],"about":[{"href":"https:\/\/megavision.com.sv\/web\/wp-json\/wp\/v2\/types\/post"}],"author":[{"embeddable":true,"href":"https:\/\/megavision.com.sv\/web\/wp-json\/wp\/v2\/users\/6"}],"replies":[{"embeddable":true,"href":"https:\/\/megavision.com.sv\/web\/wp-json\/wp\/v2\/comments?post=54602"}],"version-history":[{"count":2,"href":"https:\/\/megavision.com.sv\/web\/wp-json\/wp\/v2\/posts\/54602\/revisions"}],"predecessor-version":[{"id":54607,"href":"https:\/\/megavision.com.sv\/web\/wp-json\/wp\/v2\/posts\/54602\/revisions\/54607"}],"wp:attachment":[{"href":"https:\/\/megavision.com.sv\/web\/wp-json\/wp\/v2\/media?parent=54602"}],"wp:term":[{"taxonomy":"category","embeddable":true,"href":"https:\/\/megavision.com.sv\/web\/wp-json\/wp\/v2\/categories?post=54602"},{"taxonomy":"post_tag","embeddable":true,"href":"https:\/\/megavision.com.sv\/web\/wp-json\/wp\/v2\/tags?post=54602"}],"curies":[{"name":"wp","href":"https:\/\/api.w.org\/{rel}","templated":true}]}}