{"id":54261,"date":"2022-09-13T11:47:58","date_gmt":"2022-09-13T17:47:58","guid":{"rendered":"https:\/\/megavision.com.sv\/?p=54261"},"modified":"2022-09-13T11:47:59","modified_gmt":"2022-09-13T17:47:59","slug":"neymar-y-el-giro-de-180o-a-su-situacion-en-paris-de-paria-a-indispensable%ef%bf%bc","status":"publish","type":"post","link":"https:\/\/megavision.com.sv\/web\/neymar-y-el-giro-de-180o-a-su-situacion-en-paris-de-paria-a-indispensable%ef%bf%bc\/","title":{"rendered":"Neymar y el giro de 180\u00ba a su situaci\u00f3n en Par\u00eds: de paria a indispensable\ufffc"},"content":{"rendered":"\n<p><em>AFP<\/em><\/p>\n\n\n\n<p>Despu\u00e9s de un rendimiento irregular y de una vida extradeportiva dudosa, el Par\u00eds SG estaba listo a dejar marchar a Neymar este mercado, pero el brasile\u00f1o ha logrado reivindicarse con un inicio de temporada por todo lo alto.<\/p>\n\n\n\n<p>El giro total de su situaci\u00f3n es incre\u00edble. Hace menos de un mes, el futuro del internacional con Brasil era incierto en la capital parisina, y los nuevos responsables en el sector deportivo, el director de f\u00fatbol Luis Campos y el entrenador Christophe Galtier, deseosos de partir de cero para cerrar del todo la era Pochettino, buscaban la salida del N.10.<\/p>\n\n\n\n<p>Varias lesiones, retrasos en los entrenamientos y un compromiso deportivo m\u00ednimo: en el momento en el que el presidente Nasser Al-Khelaifi decret\u00f3 el final de los excesos, las quejas se acumularon contra Neymar, que parec\u00eda acumular en su persona todos los males del club.<\/p>\n\n\n\n<p>Pero desde entonces, el exjugador del Barelona logr\u00f3 ganarse a todo el mundo y nadie se arrepiente ahora de que se quedara en la plantilla parisina.<\/p>\n\n\n\n<p>Si bien su marcha tropez\u00f3 sobre todo debido a su salario astron\u00f3mico, estimado en 4 millones de euros mensuales, es en el terreno de juego donde el brasile\u00f1o ha recuperado cr\u00e9dito ante la directiva del PSG.&nbsp;<\/p>\n\n\n\n<p>Con 10 goles y 7 asistencias en 9 partidos entre todas las competiciones, el atacante de 30 a\u00f1os est\u00e1 levitando, imponi\u00e9ndose como el parisino m\u00e1s eficaz.<\/p>\n\n\n\n<p>De todas formas, el exprodigio de Santos nunca tuvo en mente abandonar Par\u00eds de manera precipitada, contrariamente a su deseo en 2019. Renovado el pasado a\u00f1o hasta 2025, Neymar activ\u00f3 en dos ocasiones una cl\u00e1usula que le permite alargar su periplo en Par\u00eds por dos temporadas suplementarias, hasta 2027.<\/p>\n\n\n\n<p>M\u00e1s all\u00e1 del aspecto financiero, la perspectiva del Mundial de Catar (20 de noviembre al 18 de diciembre), en teor\u00eda su \u00faltima oportunidad para ganar la sexta corona de la Sele\u00e7ao, no es ajena a su deseo repentino de estabilidad y a su renacer en el plano deportivo.<\/p>\n\n\n\n<h2 class=\"wp-block-heading\">&#8211; Ego despertado &#8211;<\/h2>\n\n\n\n<p>De acuerdo con su club, Neymar retom\u00f3 los entrenamientos el 5 de julio, una semana antes de la fecha prevista inicialmente. Efectivo, serio y aplicado, ha alineado todas las oportunidades de su lado para estar en plena forma en la cita de Catar.<\/p>\n\n\n\n<p>\u201cHay una toma de conciencia en relaci\u00f3n a la temporada pasada, en la que fue menos efectivo, menos presente\u201d, explica Galtier.\u00a0<\/p>\n\n\n\n<p>\u201cTiene objetivos muy altos y evidentemente esta temporada es singular. Ha llegado a punto, en forma, preparado. Pienso que ha trabajado bien antes, y junto con mi &#8216;staff&#8217; he decidido ponerle en las mejores condiciones para que sea lo m\u00e1s efectivo posible. Si hace un buen inicio de temporada es porque est\u00e1 serio y concentrado en su trabajo. Sab\u00eda que era un gran jugador, ahora descubro que es un gran profesional\u201d, a\u00f1adi\u00f3.<\/p>\n\n\n\n<p>El ego de la superestrella tambi\u00e9n ha sido provocado por el peso en aumento de Kylian Mbapp\u00e9 en el PSG. Renovado hasta 2025, el campe\u00f3n del mundo franc\u00e9s se ha convertido en el buque insignia del club, relegando a Neymar a un rango de lugarteniente. Una afrenta al brasile\u00f1o, llegado por todo lo alto a Par\u00eds en 2017 desde el FC Barcelona por una suma r\u00e9cord de 220 millones de euros.<\/p>\n\n\n\n<p>La relaci\u00f3n entre los dos jugadores se ha vuelto variable, como lo mostr\u00f3 el episodio del &#8216;penalgate&#8217; cuando Neymar se adelant\u00f3 a Mbapp\u00e9 para tirar un penal contra el Montpellier (5-2) el 13 de agosto en Ligue 1 antes de dar &#8216;Like&#8217; en Twitter a mensajes negativos sobre el franc\u00e9s.<\/p>\n\n\n\n<p>Neymar tampoco apreci\u00f3 que Mbapp\u00e9 le olvidara, solo en el segundo palo, en una acci\u00f3n al final del partido contra la Juventus de Tur\u00edn (2-1) en Liga de Campeones, el 6 de septiembre.<\/p>\n\n\n\n<p>\u201cSiempre hemos tenido una relaci\u00f3n basada en el respeto\u201d, estima Mbapp\u00e9. \u201cA veces ha habido momentos m\u00e1s fr\u00edos, otros m\u00e1s calientes. Hay periodos en los que somos los mejores amigos del mundo, otros en los que nos hablamos menos\u201d.<\/p>\n\n\n\n<p>\u201cCuando tienes a dos jugadores de car\u00e1cter fuerte, la vida no es lineal, pero se mantiene siempre en el respeto y en el inter\u00e9s del PSG\u201d, asegur\u00f3 el franc\u00e9s.<\/p>\n","protected":false},"excerpt":{"rendered":"<p>AFP Despu\u00e9s de un rendimiento irregular y de una vida extradeportiva dudosa, el Par\u00eds SG estaba listo a dejar marchar a Neymar este mercado, pero&hellip; <\/p>\n","protected":false},"author":6,"featured_media":0,"comment_status":"closed","ping_status":"closed","sticky":false,"template":"","format":"standard","meta":{"footnotes":""},"categories":[30],"tags":[159,517,516,518],"class_list":["post-54261","post","type-post","status-publish","format-standard","hentry","category-deportes","tag-mercado","tag-neymar","tag-paris-sg","tag-temporada"],"_links":{"self":[{"href":"https:\/\/megavision.com.sv\/web\/wp-json\/wp\/v2\/posts\/54261","targetHints":{"allow":["GET"]}}],"collection":[{"href":"https:\/\/megavision.com.sv\/web\/wp-json\/wp\/v2\/posts"}],"about":[{"href":"https:\/\/megavision.com.sv\/web\/wp-json\/wp\/v2\/types\/post"}],"author":[{"embeddable":true,"href":"https:\/\/megavision.com.sv\/web\/wp-json\/wp\/v2\/users\/6"}],"replies":[{"embeddable":true,"href":"https:\/\/megavision.com.sv\/web\/wp-json\/wp\/v2\/comments?post=54261"}],"version-history":[{"count":1,"href":"https:\/\/megavision.com.sv\/web\/wp-json\/wp\/v2\/posts\/54261\/revisions"}],"predecessor-version":[{"id":54263,"href":"https:\/\/megavision.com.sv\/web\/wp-json\/wp\/v2\/posts\/54261\/revisions\/54263"}],"wp:attachment":[{"href":"https:\/\/megavision.com.sv\/web\/wp-json\/wp\/v2\/media?parent=54261"}],"wp:term":[{"taxonomy":"category","embeddable":true,"href":"https:\/\/megavision.com.sv\/web\/wp-json\/wp\/v2\/categories?post=54261"},{"taxonomy":"post_tag","embeddable":true,"href":"https:\/\/megavision.com.sv\/web\/wp-json\/wp\/v2\/tags?post=54261"}],"curies":[{"name":"wp","href":"https:\/\/api.w.org\/{rel}","templated":true}]}}