{"id":35981,"date":"2021-11-18T11:08:43","date_gmt":"2021-11-18T17:08:43","guid":{"rendered":"https:\/\/megavision.com.sv\/?p=35981"},"modified":"2021-11-18T11:08:43","modified_gmt":"2021-11-18T17:08:43","slug":"hospitales-alemanes-bajo-tension-frente-a-nueva-ola-de-covid-19","status":"publish","type":"post","link":"https:\/\/megavision.com.sv\/web\/hospitales-alemanes-bajo-tension-frente-a-nueva-ola-de-covid-19\/","title":{"rendered":"Hospitales alemanes bajo tensi\u00f3n frente a nueva ola de covid-19"},"content":{"rendered":"\n<p><em>AFP<\/em><\/p>\n\n\n\n<p>Debido a la falta de plazas en la unidad de cuidados intensivos, el personal del hospital b\u00e1varo de Frisinga (sur) traslad\u00f3 a un enfermo de covid-19 a un establecimiento del norte de Italia, una medida in\u00e9dita en Alemania desde el inicio de la pandemia de coronavirus.<\/p>\n\n\n\n<p>En los 18 meses de pandemia, los hospitales alemanes han sido solicitados regularmente para atender a enfermos de pa\u00edses europeos desbordados.&nbsp;<\/p>\n\n\n\n<p>Sin embargo, desde octubre, con la nueva ola de covid-19, la primera econom\u00eda de Europa se pregunta cu\u00e1nto durar\u00e1 su sistema de salud.&nbsp;<\/p>\n\n\n\n<p>&#8220;La semana pasada tuvimos que trasladar a un paciente a Merano (Italia) porque no ten\u00edamos capacidad de acogida, y los hospitales b\u00e1varos circundantes tambi\u00e9n estaban completos&#8221;, explica a la AFP Thomas Marx, director m\u00e9dico del hospital de Frisinga, una ciudad de 50.000 habitantes.<\/p>\n\n\n\n<p>Con una tasa de incidencia de 550 infecciones por cada 100.000 habitantes en siete d\u00edas, Baviera es una de las regiones m\u00e1s afectadas por este repunte de la epidemia.<\/p>\n\n\n\n<p>&#8220;Estamos al l\u00edmite de nuestras capacidades&#8221;, explica preocupado el doctor Marx, de 43 a\u00f1os. Su unidad de cuidados intensivos cuenta actualmente con 13 pacientes, &#8220;tres m\u00e1s que nuestra capacidad habitual&#8221;, precisa. Cinco de ellos tienen covid-19, todos sin vacunar.&nbsp;&nbsp;<\/p>\n\n\n\n<p>A nivel nacional, el n\u00famero de pacientes con coronavirus en cuidados intensivos sigue siendo inferior al m\u00e1ximo alcanzado a finales de 2020, pero los hospitales son m\u00e1s vulnerables debido a la grave escasez de personal sanitario.&nbsp;<\/p>\n\n\n\n<p>&#8220;No hay un umbral \u00fanico a partir del cual podamos decir que ahora todo el sistema de salud se derrumbar\u00e1&#8221;, afirma Gerald Gass, presidente de la asociaci\u00f3n alemana de hospitales.&nbsp; Pero ya hay &#8220;se\u00f1ales de advertencia&#8221;, declar\u00f3 esta semana al diario Handelsblatt, citando las tensiones en los hospitales de Baviera y Th\u00fcringe, otra regi\u00f3n especialmente afectada.<\/p>\n\n\n\n<h2 class=\"wp-block-heading\">&#8211; Personal agotado &#8211;<\/h2>\n\n\n\n<p>En el hospital de Freising, el doctor Marx describe &#8220;una gran incomprensi\u00f3n&#8221; del personal hospitalario ante el deterioro de la situaci\u00f3n que era, seg\u00fan \u00e9l, &#8220;previsible y habr\u00eda podido evitarse&#8221;.<\/p>\n\n\n\n<p>Con una tasa del 67,7%, Alemania no se destaca entre los pa\u00edses de Europa occidental como uno de los m\u00e1s vacunados.<\/p>\n\n\n\n<p>El jueves, el parlamento aprobar\u00e1 con urgencia un proyecto de ley que restablece las restricciones para intentar detener el aumento de las nuevas infecciones diarias -entre 30.000 y 50.000 esta semana-.<\/p>\n\n\n\n<p>El plan prev\u00e9 un regreso masivo al teletrabajo y la necesidad de un pase sanitario para utilizar los transportes.<\/p>\n\n\n\n<p>El texto preparado por la coalici\u00f3n gubernamental, que suceder\u00e1 pronto a la mayor\u00eda de Angela Merkel, debe permitir a los L\u00e4nder tomar medidas dirigidas a las personas no vacunadas.&nbsp;<\/p>\n\n\n\n<p>Varias regiones, incluida Berl\u00edn, ya les proh\u00edben el acceso a los acontecimientos culturales, deportivos e incluso a los restaurantes.&nbsp;<\/p>\n\n\n\n<p>La situaci\u00f3n es esta vez mucho m\u00e1s delicada en los hospitales alemanes ya que disponen de &#8220;4.000 camas de cuidados intensivos menos que hace un a\u00f1o debido al personal sanitario agotado, que dej\u00f3 su empleo o redujo su tiempo de trabajo&#8221;, explica Gernot Marx, Presidente de la Asociaci\u00f3n Alemana de Medicina de Cuidados Intensivos (DIVI).<\/p>\n\n\n\n<p>Una escasez que afronta a diario el doctor Niklas Schneider, jefe del servicio de cuidados intensivos de la cl\u00ednica Munich Schwabing. &#8220;Tenemos mucho menos personal especializado que durante las primeras olas (de casos de covid-19)&#8221;.<\/p>\n\n\n\n<p>Como en Freising, su unidad de cuidados intensivos est\u00e1 al m\u00e1ximo de su ocupaci\u00f3n y el doctor Schneider habla de una situaci\u00f3n &#8220;cat\u00e1str\u00f3fica&#8221;.<\/p>\n\n\n\n<p>Seg\u00fan la revista Spiegel, s\u00f3lo una cuarta parte de las 1.300 unidades de cuidados intensivos pueden funcionar a plena capacidad, debido a la falta de personal.<\/p>\n","protected":false},"excerpt":{"rendered":"<p>AFP Debido a la falta de plazas en la unidad de cuidados intensivos, el personal del hospital b\u00e1varo de Frisinga (sur) traslad\u00f3 a un enfermo&hellip; <\/p>\n","protected":false},"author":11,"featured_media":0,"comment_status":"closed","ping_status":"closed","sticky":false,"template":"","format":"standard","meta":{"footnotes":""},"categories":[31],"tags":[],"class_list":["post-35981","post","type-post","status-publish","format-standard","hentry","category-salud"],"_links":{"self":[{"href":"https:\/\/megavision.com.sv\/web\/wp-json\/wp\/v2\/posts\/35981","targetHints":{"allow":["GET"]}}],"collection":[{"href":"https:\/\/megavision.com.sv\/web\/wp-json\/wp\/v2\/posts"}],"about":[{"href":"https:\/\/megavision.com.sv\/web\/wp-json\/wp\/v2\/types\/post"}],"author":[{"embeddable":true,"href":"https:\/\/megavision.com.sv\/web\/wp-json\/wp\/v2\/users\/11"}],"replies":[{"embeddable":true,"href":"https:\/\/megavision.com.sv\/web\/wp-json\/wp\/v2\/comments?post=35981"}],"version-history":[{"count":1,"href":"https:\/\/megavision.com.sv\/web\/wp-json\/wp\/v2\/posts\/35981\/revisions"}],"predecessor-version":[{"id":35983,"href":"https:\/\/megavision.com.sv\/web\/wp-json\/wp\/v2\/posts\/35981\/revisions\/35983"}],"wp:attachment":[{"href":"https:\/\/megavision.com.sv\/web\/wp-json\/wp\/v2\/media?parent=35981"}],"wp:term":[{"taxonomy":"category","embeddable":true,"href":"https:\/\/megavision.com.sv\/web\/wp-json\/wp\/v2\/categories?post=35981"},{"taxonomy":"post_tag","embeddable":true,"href":"https:\/\/megavision.com.sv\/web\/wp-json\/wp\/v2\/tags?post=35981"}],"curies":[{"name":"wp","href":"https:\/\/api.w.org\/{rel}","templated":true}]}}