{"id":35629,"date":"2021-11-15T11:34:58","date_gmt":"2021-11-15T17:34:58","guid":{"rendered":"https:\/\/megavision.com.sv\/?p=35629"},"modified":"2021-11-15T11:35:23","modified_gmt":"2021-11-15T17:35:23","slug":"grammy-latino-vuelve-a-las-vegas-con-camilo-jl-guerra-y-c-tangana-a-la-cabeza","status":"publish","type":"post","link":"https:\/\/megavision.com.sv\/web\/grammy-latino-vuelve-a-las-vegas-con-camilo-jl-guerra-y-c-tangana-a-la-cabeza\/","title":{"rendered":"Grammy Latino vuelve a Las Vegas con Camilo, JL Guerra y C. Tangana a la cabeza"},"content":{"rendered":"\n<p><em>AFP<\/em><\/p>\n\n\n\n<p>Una constelaci\u00f3n de artistas desfilar\u00e1 en los premios Grammy Latino que este jueves regresan a Las Vegas para su primera ceremonia presencial en dos a\u00f1os, con Camilo, Juan Luis Guerra y C. Tangana liderando las nominaciones.<\/p>\n\n\n\n<p>La ceremonia, que en 2020 se realiz\u00f3 virtualmente desde Miami debido a la pandemia, tambi\u00e9n est\u00e1 marcada por un reciente cruce de palabras entre el colombiano J Balvin y el puertorrique\u00f1o Ren\u00e9 P\u00e9rez sobre el destaque que el reggaet\u00f3n ha conseguido en la mayor fiesta de los premios a la m\u00fasica en espa\u00f1ol y portugu\u00e9s.<\/p>\n\n\n\n<p>La Academia Latina de la Grabaci\u00f3n confirm\u00f3 la participaci\u00f3n del espa\u00f1ol C. Tangana, la mexicana Gloria Trevi, la chilena Mon Laferte, los cubanos de Gente de Zona, Jon Secada, el colombiano Camilo y el brasile\u00f1o Nando Reis en la gala del jueves.<\/p>\n\n\n\n<p>El salsero Rub\u00e9n Blades, quien la noche previa a la ceremonia ser\u00e1 honrado con el galard\u00f3n a la Persona del A\u00f1o, tambi\u00e9n cantar\u00e1 acompa\u00f1ado de unos veinte m\u00fasicos.<\/p>\n\n\n\n<p>&#8220;La ceremonia promete ser una celebraci\u00f3n excepcional de la excelencia musical que ir\u00e1 de la mano con una narrativa inspiradora&#8221;, anticiparon los organizadores de la fiesta que se realizar\u00e1 en el MGM Grand Garden Arena.<\/p>\n\n\n\n<p>Camilo, con diez nominaciones, lidera la lista de galardones. El colombiano de 27 a\u00f1os compite con &#8220;Vida de rico&#8221; a la Canci\u00f3n del A\u00f1o y a la Grabaci\u00f3n del A\u00f1o, y con &#8220;Mis Manos&#8221; por el \u00c1lbum del A\u00f1o.<\/p>\n\n\n\n<p>El dominicano Juan Luis Guerra sigue con seis nominaciones, entre ellas Grabaci\u00f3n del A\u00f1o y \u00c1lbum del A\u00f1o.&nbsp;<\/p>\n\n\n\n<p>Por su parte, C. Tangana (cuyo nombre real es Ant\u00f3n \u00c1lvarez) conquist\u00f3 cinco nominaciones con su exitoso trabajo &#8220;El Madrile\u00f1o&#8221;, que mezcla ritmos de Espa\u00f1a y Am\u00e9rica Latina, y que compite como mejor \u00e1lbum del a\u00f1o. El artista espa\u00f1ol, que ha demostrado gran versatilidad, tambi\u00e9n disputa, en varias colaboraciones, categor\u00edas como Mejor Canci\u00f3n Alternativa y Pop\/Rock.&nbsp;<\/p>\n\n\n\n<h2 class=\"wp-block-heading\">&#8211; &#8220;No nos valoran&#8221; &#8211;<\/h2>\n\n\n\n<p>Luego del anuncio de los galardonados en septiembre, el reggaetonero colombiano J Balvin desat\u00f3 una pol\u00e9mica al pedir boicotear la ceremonia en sus redes sociales.&nbsp;<\/p>\n\n\n\n<p>&#8220;Los Grammys no nos valoran, pero nos necesitan. Es mi opini\u00f3n y nada contra los otros g\u00e9neros porque se merecen todo el respeto. (&#8230;) Les damos Rating pero no nos dan el respeto&#8221;, tuite\u00f3 el cantante que este a\u00f1o consigui\u00f3 tres nominaciones, frente a las diez del a\u00f1o pasado.<\/p>\n\n\n\n<p>El puertorrique\u00f1o Ren\u00e9 P\u00e9rez, Residente, sali\u00f3 al paso y confront\u00f3 a Balvin: &#8220;Si los Grammy no nos valoran, \u00bfentonces por qu\u00e9 yo tengo 31? \u00bfYo no soy urbano, yo no rapeo? \u00bfDe qu\u00e9 g\u00e9nero estamos hablando?&#8221;, le dijo el que fuera vocalista de Calle 13.&nbsp;<\/p>\n\n\n\n<p>Residente le subi\u00f3 volumen a su respuesta comparando la m\u00fasica de Balvin con &#8220;un carrito de perros calientes&#8221;: popular pero no digno de una estrella Michelin.&nbsp;<\/p>\n\n\n\n<p>El enfrentamiento virtual puso de relieve una vez m\u00e1s el descontento de algunos expositores del reggaet\u00f3n con la Academia Latina de la Grabaci\u00f3n que el a\u00f1o pasado, despu\u00e9s de reiteradas cr\u00edticas por la ausencia del g\u00e9nero, incluy\u00f3 por primera vez la categor\u00eda Mejor Interpretaci\u00f3n Reggaet\u00f3n.<\/p>\n\n\n\n<p>Este a\u00f1o los reggaetoneros no dominaron las nominaciones generales, pero int\u00e9rpretes como Bad Bunny disputan los rubros m\u00e1s importantes de la noche.<\/p>\n\n\n\n<h2 class=\"wp-block-heading\">&#8211; Homenaje a Mar\u00edlia Mendon\u00e7a &#8211;<\/h2>\n\n\n\n<p>Durante la Premiere de la ceremonia se entregar\u00e1n 45 de los 53 premios de la noche. En tanto que la Academia Latina de la Grabaci\u00f3n anunci\u00f3 una antesala especial para la entrega de las siete categor\u00edas de habla portuguesa, en las cuales destacan grandes nombres de la m\u00fasica brasile\u00f1a como los sambistas Paulinho da Viola y Martinho da Vila.<\/p>\n\n\n\n<p>La llamada &#8220;Reina del sertanejo&#8221;, Mar\u00edlia Mendon\u00e7a, quien falleci\u00f3 tr\u00e1gicamente en un accidente de avi\u00f3n el 5 de noviembre a los 26 a\u00f1os, est\u00e1 nominada junto al duo Maiara &amp; Mara\u00edsa al Mejor \u00c1lbum de M\u00fasica Sertaneja, con &#8220;Patroas&#8221;.<\/p>\n\n\n\n<p>Mendon\u00e7a, cuyas canciones superan las 100 millones de reproducciones en Spotify, era una de las artistas m\u00e1s influyentes de Brasil. La joven artista, ganadora de un Grammy Latino en 2019 y con una mete\u00f3rica carrera, ser\u00e1 homenajeada durante la Premiere de la gala.&nbsp;<\/p>\n\n\n\n<p>Al posicionar a las mujeres como protagonistas, Mendon\u00e7a se convirti\u00f3 en un \u00edcono feminista y revolucion\u00f3 el sertanejo, la m\u00fasica country brasile\u00f1a.<\/p>\n\n\n\n<p>El director de la Academia Latina de la Grabaci\u00f3n, Manuel Abud, prometi\u00f3 &#8220;una tarde llena de camarader\u00eda y momentos \u00fanicos&#8221;, y dijo &#8220;estar emocionado&#8221; de reunir en la antesala de los principales premios de la noche a miembros y nominados.&nbsp;<\/p>\n","protected":false},"excerpt":{"rendered":"<p>AFP Una constelaci\u00f3n de artistas desfilar\u00e1 en los premios Grammy Latino que este jueves regresan a Las Vegas para su primera ceremonia presencial en dos&hellip; <\/p>\n","protected":false},"author":11,"featured_media":0,"comment_status":"closed","ping_status":"closed","sticky":false,"template":"","format":"standard","meta":{"footnotes":""},"categories":[33,28,29],"tags":[],"class_list":["post-35629","post","type-post","status-publish","format-standard","hentry","category-el-sotano","category-entretenimiento","category-juveniles"],"_links":{"self":[{"href":"https:\/\/megavision.com.sv\/web\/wp-json\/wp\/v2\/posts\/35629","targetHints":{"allow":["GET"]}}],"collection":[{"href":"https:\/\/megavision.com.sv\/web\/wp-json\/wp\/v2\/posts"}],"about":[{"href":"https:\/\/megavision.com.sv\/web\/wp-json\/wp\/v2\/types\/post"}],"author":[{"embeddable":true,"href":"https:\/\/megavision.com.sv\/web\/wp-json\/wp\/v2\/users\/11"}],"replies":[{"embeddable":true,"href":"https:\/\/megavision.com.sv\/web\/wp-json\/wp\/v2\/comments?post=35629"}],"version-history":[{"count":1,"href":"https:\/\/megavision.com.sv\/web\/wp-json\/wp\/v2\/posts\/35629\/revisions"}],"predecessor-version":[{"id":35631,"href":"https:\/\/megavision.com.sv\/web\/wp-json\/wp\/v2\/posts\/35629\/revisions\/35631"}],"wp:attachment":[{"href":"https:\/\/megavision.com.sv\/web\/wp-json\/wp\/v2\/media?parent=35629"}],"wp:term":[{"taxonomy":"category","embeddable":true,"href":"https:\/\/megavision.com.sv\/web\/wp-json\/wp\/v2\/categories?post=35629"},{"taxonomy":"post_tag","embeddable":true,"href":"https:\/\/megavision.com.sv\/web\/wp-json\/wp\/v2\/tags?post=35629"}],"curies":[{"name":"wp","href":"https:\/\/api.w.org\/{rel}","templated":true}]}}