{"id":32751,"date":"2021-10-05T13:00:55","date_gmt":"2021-10-05T19:00:55","guid":{"rendered":"https:\/\/megavision.com.sv\/?p=32751"},"modified":"2021-10-05T13:00:55","modified_gmt":"2021-10-05T19:00:55","slug":"denunciante-de-facebook-pide-regulacion-de-la-empresa-ante-legisladores-de-eeuu-2","status":"publish","type":"post","link":"https:\/\/megavision.com.sv\/web\/denunciante-de-facebook-pide-regulacion-de-la-empresa-ante-legisladores-de-eeuu-2\/","title":{"rendered":"Denunciante de Facebook pide regulaci\u00f3n de la empresa ante legisladores de EEUU"},"content":{"rendered":"\n<p><em>AFP<\/em><\/p>\n\n\n\n<p>Una denunciante de Facebook sostuvo este martes ante legisladores de Estados Unidos que el gigante de las redes sociales alimenta la divisi\u00f3n, perjudica a los ni\u00f1os y necesita urgentemente ser regulado, llevando a miembros del Congreso a comprometerse a tomar medidas que han sido largamente pospuestas.<\/p>\n\n\n\n<p>La exempleada de la red social Frances Haugen testific\u00f3 en el Capitolio despu\u00e9s de haber filtrado a las autoridades y al diario The Wall Street Journal un enorme archivo de investigaciones internas de Facebook que ha alimentado una de las crisis m\u00e1s graves de la empresa.<\/p>\n\n\n\n<p>&#8220;Creo que los productos de Facebook perjudican a los ni\u00f1os, avivan la divisi\u00f3n y debilitan nuestra democracia&#8221;, subray\u00f3. &#8220;Es necesario que el Congreso act\u00fae. No se resolver\u00e1 esta crisis sin su ayuda&#8221;.&nbsp;<\/p>\n\n\n\n<p>En su testimonio, Haugen se\u00f1ala el peligro del poder en manos de un servicio que se ha hecho necesario en la vida diaria de tantas personas.<\/p>\n\n\n\n<p>&#8220;La empresa oculta intencionadamente informaci\u00f3n vital a los usuarios, al gobierno de Estados Unidos y a los gobiernos de todo el mundo&#8221;, indic\u00f3 la declaraci\u00f3n de Haugen. &#8220;La gravedad de esta crisis exige que salgamos de nuestros anteriores marcos normativos&#8221;.<\/p>\n\n\n\n<p>Haugen habl\u00f3 ante los senadores un d\u00eda despu\u00e9s de que Facebook, su aplicaci\u00f3n para compartir fotos Instagram y el servicio de mensajer\u00eda WhatsApp estuvieran fuera de servicio durante aproximadamente siete horas, afectando a &#8220;miles de millones de usuarios&#8221;, seg\u00fan el rastreador Downdetector.&nbsp;<\/p>\n\n\n\n<h2 class=\"wp-block-heading\">&#8211; &#8220;Tu tiempo ha terminado&#8221; &#8211;<\/h2>\n\n\n\n<p>&#8220;Este es mi mensaje para (el director ejecutivo de Facebook) Mark Zuckerberg. Tu tiempo de invadir nuestra privacidad, promover contenido t\u00f3xico y aprovecharte de los ni\u00f1os y adolescentes ha terminado&#8221;, dijo el senador Ed Markey.&nbsp;<\/p>\n\n\n\n<p>&#8220;El Congreso tomar\u00e1 medidas (&#8230;) no permitiremos que tu empresa siga da\u00f1ando a nuestros ni\u00f1os, nuestras familias y nuestra democracia&#8221;, a\u00f1adi\u00f3.&nbsp;<\/p>\n\n\n\n<p>La senadora Amy Klobuchar consider\u00f3 que las revelaciones de la denunciante representan el empuje que se necesita desde hace tiempo para que el Congreso tome acci\u00f3n.<\/p>\n\n\n\n<p>&#8220;Ha llegado el momento de actuar, y creo que usted es el catalizador de esa acci\u00f3n&#8221;, dijo a Haugen.<\/p>\n\n\n\n<p>Los legisladores estadounidenses llevan a\u00f1os amenazando con regular el negocio de Facebook y otras plataformas para hacer frente a las cr\u00edticas de que los gigantes tecnol\u00f3gicos invaden la privacidad, sirven de meg\u00e1fono para peligrosa desinformaci\u00f3n y perjudican el bienestar de los j\u00f3venes.&nbsp;<\/p>\n\n\n\n<p>Facebook rechaz\u00f3 fuertemente las revelaciones de Haugen y cuestion\u00f3 su conocimiento del caso.<\/p>\n\n\n\n<p>Haugen &#8220;no trabaj\u00f3 en la seguridad de los ni\u00f1os ni en Instagram ni investig\u00f3 estos temas y no tiene conocimiento directo del tema por su trabajo en Facebook&#8221;, tuite\u00f3 Andy Stone, un portavoz de la compa\u00f1\u00eda.<\/p>\n\n\n\n<h2 class=\"wp-block-heading\">&#8211; &#8220;Me encanta Instagram&#8221; &#8211;<\/h2>\n\n\n\n<p>Haugen, una ingeniera de informaci\u00f3n de 37 a\u00f1os nacida en Iowa, ha trabajado para empresas como Google y Pinterest, pero -en una entrevista el domingo con el programa de noticias &#8220;60 Minutes&#8221; de la cadena CBS- asegur\u00f3 que Facebook era &#8220;sustancialmente peor&#8221; que todo lo que hab\u00eda visto.&nbsp;<\/p>\n\n\n\n<p>El vicepresidente de pol\u00edtica y asuntos globales de Facebook, Nick Clegg, rebati\u00f3 con vehemencia la afirmaci\u00f3n de que sus plataformas son &#8220;t\u00f3xicas&#8221; para los adolescentes, d\u00edas despu\u00e9s de una tensa audiencia de varias horas en el Congreso en la que los legisladores interrogaron a la empresa sobre su impacto en la salud mental de los j\u00f3venes usuarios.&nbsp;<\/p>\n\n\n\n<p>A \u00faltima hora del lunes, Facebook achac\u00f3 el apag\u00f3n a cambios de configuraci\u00f3n que realiz\u00f3 en los routers que coordinan el tr\u00e1fico de red entre sus centros de datos.<\/p>\n\n\n\n<p>&#8220;Esta interrupci\u00f3n del tr\u00e1fico de la red tuvo un efecto en cascada en la forma en que nuestros centros de datos se comunican, haciendo que nuestros servicios se detuvieran&#8221;, dijo el vicepresidente de infraestructura de Facebook, Santosh Janardhan, en una publicaci\u00f3n.<\/p>\n\n\n\n<p>Adem\u00e1s de la interrupci\u00f3n del servicio para las personas, las empresas y otros que dependen de las herramientas de la compa\u00f1\u00eda, el mismo Zuckerberg recibi\u00f3 un golpe financiero.&nbsp;<\/p>\n\n\n\n<p>El rastreador web de multimillonarios de Fortune indic\u00f3 a \u00faltima hora del lunes que la fortuna personal de Zuckerberg se redujo en casi 6.000 millones de d\u00f3lares con respecto al d\u00eda anterior, situ\u00e1ndose en algo menos de 117.000 millones de d\u00f3lares.<\/p>\n\n\n\n<p>Algunas personas se alegraron de que las herramientas de Facebook estuvieran fuera de servicio, pero otras se quejaron de que la interrupci\u00f3n les caus\u00f3 problemas profesionales y personales.&nbsp;<\/p>\n\n\n\n<p>&#8220;Me encanta Instagram. Es la aplicaci\u00f3n que m\u00e1s uso, sobre todo para mi trabajo&#8221;, dijo a la AFP Millie Donnelly, administradora de redes de una organizaci\u00f3n sin \u00e1nimo de lucro.&nbsp;&nbsp;<\/p>\n\n\n\n<p>&#8220;As\u00ed que profesionalmente, es definitivamente un paso atr\u00e1s. Y luego personalmente, simplemente estoy siempre en la aplicaci\u00f3n&#8221;.<\/p>\n","protected":false},"excerpt":{"rendered":"<p>AFP Una denunciante de Facebook sostuvo este martes ante legisladores de Estados Unidos que el gigante de las redes sociales alimenta la divisi\u00f3n, perjudica a&hellip; <\/p>\n","protected":false},"author":11,"featured_media":0,"comment_status":"closed","ping_status":"closed","sticky":false,"template":"","format":"standard","meta":{"footnotes":""},"categories":[26],"tags":[],"class_list":["post-32751","post","type-post","status-publish","format-standard","hentry","category-noticias"],"_links":{"self":[{"href":"https:\/\/megavision.com.sv\/web\/wp-json\/wp\/v2\/posts\/32751","targetHints":{"allow":["GET"]}}],"collection":[{"href":"https:\/\/megavision.com.sv\/web\/wp-json\/wp\/v2\/posts"}],"about":[{"href":"https:\/\/megavision.com.sv\/web\/wp-json\/wp\/v2\/types\/post"}],"author":[{"embeddable":true,"href":"https:\/\/megavision.com.sv\/web\/wp-json\/wp\/v2\/users\/11"}],"replies":[{"embeddable":true,"href":"https:\/\/megavision.com.sv\/web\/wp-json\/wp\/v2\/comments?post=32751"}],"version-history":[{"count":1,"href":"https:\/\/megavision.com.sv\/web\/wp-json\/wp\/v2\/posts\/32751\/revisions"}],"predecessor-version":[{"id":32753,"href":"https:\/\/megavision.com.sv\/web\/wp-json\/wp\/v2\/posts\/32751\/revisions\/32753"}],"wp:attachment":[{"href":"https:\/\/megavision.com.sv\/web\/wp-json\/wp\/v2\/media?parent=32751"}],"wp:term":[{"taxonomy":"category","embeddable":true,"href":"https:\/\/megavision.com.sv\/web\/wp-json\/wp\/v2\/categories?post=32751"},{"taxonomy":"post_tag","embeddable":true,"href":"https:\/\/megavision.com.sv\/web\/wp-json\/wp\/v2\/tags?post=32751"}],"curies":[{"name":"wp","href":"https:\/\/api.w.org\/{rel}","templated":true}]}}