{"id":32741,"date":"2021-10-05T12:27:08","date_gmt":"2021-10-05T18:27:08","guid":{"rendered":"https:\/\/megavision.com.sv\/?p=32741"},"modified":"2021-10-05T12:27:09","modified_gmt":"2021-10-05T18:27:09","slug":"espana-autoriza-tercera-dosis-de-vacuna-anticovid-a-los-mayores-de-70-anos","status":"publish","type":"post","link":"https:\/\/megavision.com.sv\/web\/espana-autoriza-tercera-dosis-de-vacuna-anticovid-a-los-mayores-de-70-anos\/","title":{"rendered":"Espa\u00f1a autoriza tercera dosis de vacuna anticovid a los mayores de 70 a\u00f1os"},"content":{"rendered":"\n<p><em>AFP<\/em><\/p>\n\n\n\n<p>Espa\u00f1a decidi\u00f3 este martes administrar una tercera dosis de la vacuna contra el covid-19 a los mayores de 70 a\u00f1os para mejorar su protecci\u00f3n, anunci\u00f3 el ministerio de Salud.<\/p>\n\n\n\n<p>La Comisi\u00f3n de Salud P\u00fablica decidi\u00f3 &#8220;ampliar el grupo de personas a las que administrar una dosis de recuerdo de la vacuna de la covid-19 a los mayores de 70 a\u00f1os, a finales del mes de octubre, y una vez pasados seis meses de la segunda dosis&#8221;, indic\u00f3 el ministerio en un comunicado.<\/p>\n\n\n\n<p>Hasta ahora, Espa\u00f1a administraba una tercera dosis \u00fanicamente a las personas de la tercera edad que viven en residencias de ancianos y a las personas inmunodeprimidas.<\/p>\n\n\n\n<p>&#8220;Se suministrar\u00e1 una dosis de recuerdo de vacuna ARN-m contra la covid-19 (&#8230;) el objetivo es aumentar la protecci\u00f3n de las personas m\u00e1s vulnerables&#8221;, explic\u00f3 el ministerio.<\/p>\n\n\n\n<p>La Agencia Europea de Medicamentos (EMA) aprob\u00f3 el lunes una tercera dosis de refuerzo de la vacuna anticovid de Pfizer\/BioNTech para los mayores de 18 a\u00f1os.<\/p>\n\n\n\n<p>La agencia aprob\u00f3 tambi\u00e9n el suministro de una tercera dosis de Moderna o Pfizer para las personas con sistemas inmunitarios fr\u00e1giles, al menos 28 d\u00edas despu\u00e9s de la segunda dosis.<\/p>\n\n\n\n<p>Al menos 15 pa\u00edses de todo el mundo han comenzado a administrar una tercera dosis a las personas m\u00e1s vulnerables, incluidos algunos pa\u00edses de la UE, como Francia, Italia y Alemania, que no esperaron la luz verde de las autoridades europeas.<\/p>\n","protected":false},"excerpt":{"rendered":"<p>AFP Espa\u00f1a decidi\u00f3 este martes administrar una tercera dosis de la vacuna contra el covid-19 a los mayores de 70 a\u00f1os para mejorar su protecci\u00f3n,&hellip; <\/p>\n","protected":false},"author":11,"featured_media":0,"comment_status":"closed","ping_status":"closed","sticky":false,"template":"","format":"standard","meta":{"footnotes":""},"categories":[31],"tags":[],"class_list":["post-32741","post","type-post","status-publish","format-standard","hentry","category-salud"],"_links":{"self":[{"href":"https:\/\/megavision.com.sv\/web\/wp-json\/wp\/v2\/posts\/32741","targetHints":{"allow":["GET"]}}],"collection":[{"href":"https:\/\/megavision.com.sv\/web\/wp-json\/wp\/v2\/posts"}],"about":[{"href":"https:\/\/megavision.com.sv\/web\/wp-json\/wp\/v2\/types\/post"}],"author":[{"embeddable":true,"href":"https:\/\/megavision.com.sv\/web\/wp-json\/wp\/v2\/users\/11"}],"replies":[{"embeddable":true,"href":"https:\/\/megavision.com.sv\/web\/wp-json\/wp\/v2\/comments?post=32741"}],"version-history":[{"count":1,"href":"https:\/\/megavision.com.sv\/web\/wp-json\/wp\/v2\/posts\/32741\/revisions"}],"predecessor-version":[{"id":32743,"href":"https:\/\/megavision.com.sv\/web\/wp-json\/wp\/v2\/posts\/32741\/revisions\/32743"}],"wp:attachment":[{"href":"https:\/\/megavision.com.sv\/web\/wp-json\/wp\/v2\/media?parent=32741"}],"wp:term":[{"taxonomy":"category","embeddable":true,"href":"https:\/\/megavision.com.sv\/web\/wp-json\/wp\/v2\/categories?post=32741"},{"taxonomy":"post_tag","embeddable":true,"href":"https:\/\/megavision.com.sv\/web\/wp-json\/wp\/v2\/tags?post=32741"}],"curies":[{"name":"wp","href":"https:\/\/api.w.org\/{rel}","templated":true}]}}