{"id":32493,"date":"2021-10-01T10:27:27","date_gmt":"2021-10-01T16:27:27","guid":{"rendered":"https:\/\/megavision.com.sv\/?p=32493"},"modified":"2021-10-01T10:27:28","modified_gmt":"2021-10-01T16:27:28","slug":"deforestacion-amazonica-expondra-a-millones-de-brasilenos-al-calor-extremo-en-2100","status":"publish","type":"post","link":"https:\/\/megavision.com.sv\/web\/deforestacion-amazonica-expondra-a-millones-de-brasilenos-al-calor-extremo-en-2100\/","title":{"rendered":"Deforestaci\u00f3n amaz\u00f3nica expondr\u00e1 a millones de brasile\u00f1os al calor extremo en 2,100"},"content":{"rendered":"\n<p><em>AFP<\/em><\/p>\n\n\n\n<p>El avance de la deforestaci\u00f3n en la Amazon\u00eda, combinado con el cambio clim\u00e1tico, expondr\u00e1 a unos 12 millones de brasile\u00f1os al calor extremo para 2,100 lo que supone riesgos para la salud, inclusive de muerte, indic\u00f3 un estudio divulgado este viernes.<\/p>\n\n\n\n<p>&#8220;La deforestaci\u00f3n a gran escala de la selva amaz\u00f3nica asociada a los cambios clim\u00e1ticos aumentar\u00e1 el riesgo de exposici\u00f3n al calor extremo&#8221;, indica un estudio de la escuela de salud p\u00fablica de la prestigiosa Fiocruz, el Instituto Nacional de Investigaciones Espaciales&nbsp;(INPE) y la Universidad de Sao Paulo.<\/p>\n\n\n\n<p>Los investigadores prev\u00e9n un aumento de las temperaturas actuales de entre 7,5\u00b0 y 11,5\u00b0 para 2100 en regiones del norte brasile\u00f1o, considerando escenarios moderados y extremos.<\/p>\n\n\n\n<p>&#8220;Aproximadamente 12 millones de personas de la regi\u00f3n norte de Brasil estar\u00e1n expuestas a riesgo extremo de estr\u00e9s t\u00e9rmico&#8221;, indica el informe, que por primera vez vincula la destrucci\u00f3n de la selva y el calentamiento global con la salud humana.<\/p>\n\n\n\n<p>La exposici\u00f3n sostenida al estr\u00e9s t\u00e9rmico puede causar deshidrataci\u00f3n, agotamiento y, &#8220;en casos m\u00e1s graves, estr\u00e9s y colapso de las funciones vitales, lo que lleva a la muerte&#8221;.<\/p>\n\n\n\n<p>Adem\u00e1s afecta &#8220;el estado de \u00e1nimo, los trastornos mentales y reduce el rendimiento f\u00edsico y psicol\u00f3gico de las personas&#8221;.<\/p>\n\n\n\n<h2 class=\"wp-block-heading\">&#8211; &#8220;L\u00edmite&#8221; para la supervivencia &#8211;<\/h2>\n\n\n\n<p>El estudio demuestra que &#8220;existe un l\u00edmite de deforestaci\u00f3n para la adaptaci\u00f3n y sobrevivencia de la especie humana&#8221;.<\/p>\n\n\n\n<p>&#8220;Si la deforestaci\u00f3n contin\u00faa en las proporciones actuales, los efectos ser\u00e1n dram\u00e1ticos para la civilizaci\u00f3n&#8221;, afirm\u00f3 el investigador Paulo Nobre, del INPE.<\/p>\n\n\n\n<p>La destrucci\u00f3n de la mayor selva tropical del planeta tuvo un fuerte repunte desde la llegada al poder en 2019 del presidente ultraderechista Jair Bolsonaro, favorable a abrir la selva a actividades agropecuarias y mineras.<\/p>\n\n\n\n<p>Y la devastaci\u00f3n est\u00e1 muy cerca de su nivel r\u00e9cord.<\/p>\n\n\n\n<p>En los \u00faltimos 12 meses previos a agosto, la Amazon\u00eda perdi\u00f3 8.712 km\u00b2, un 5% menos que los 9.126 km\u00b2 destruidos entre agosto de 2019 y julio de 2020, el m\u00e1ximo registrado desde que el INPE empez\u00f3 a publicar estos datos en 2015.<\/p>\n\n\n\n<p>Ambientalistas, asociaciones ind\u00edgenas -que en su mayor\u00eda viven en la Amazon\u00eda- y la comunidad internacional acusan al gobierno brasile\u00f1o de permitir el aumento de la deforestaci\u00f3n y desmontar los organismos de protecci\u00f3n del bioma.<\/p>\n\n\n\n<h2 class=\"wp-block-heading\">&#8211; &#8220;Migraci\u00f3n en masa&#8221; &#8211;<\/h2>\n\n\n\n<p>Adem\u00e1s de los da\u00f1os en la salud, los investigadores advierten de los efectos socioecon\u00f3micos, que podr\u00edan afectar a unos 30 millones de personas que viven en el empobrecido norte.<\/p>\n\n\n\n<p>&#8220;La poblaci\u00f3n de esa regi\u00f3n podr\u00eda vivir en condiciones precarias de sobrevivencia, impulsando efectos como la migraci\u00f3n en masa&#8221;, alertan.<\/p>\n\n\n\n<p>El aumento de incendios forestales, la expansi\u00f3n de \u00e1reas agr\u00edcolas y la actividad minera tienden a &#8220;impulsar el crecimiento desordenado y un proceso de urbanizaci\u00f3n no planeada, con falta de infraestructura sanitaria b\u00e1sica y trabajo informal m\u00e1s frecuente&#8221;, observan.<\/p>\n","protected":false},"excerpt":{"rendered":"<p>AFP El avance de la deforestaci\u00f3n en la Amazon\u00eda, combinado con el cambio clim\u00e1tico, expondr\u00e1 a unos 12 millones de brasile\u00f1os al calor extremo para&hellip; <\/p>\n","protected":false},"author":11,"featured_media":0,"comment_status":"closed","ping_status":"closed","sticky":false,"template":"","format":"standard","meta":{"footnotes":""},"categories":[26],"tags":[],"class_list":["post-32493","post","type-post","status-publish","format-standard","hentry","category-noticias"],"_links":{"self":[{"href":"https:\/\/megavision.com.sv\/web\/wp-json\/wp\/v2\/posts\/32493","targetHints":{"allow":["GET"]}}],"collection":[{"href":"https:\/\/megavision.com.sv\/web\/wp-json\/wp\/v2\/posts"}],"about":[{"href":"https:\/\/megavision.com.sv\/web\/wp-json\/wp\/v2\/types\/post"}],"author":[{"embeddable":true,"href":"https:\/\/megavision.com.sv\/web\/wp-json\/wp\/v2\/users\/11"}],"replies":[{"embeddable":true,"href":"https:\/\/megavision.com.sv\/web\/wp-json\/wp\/v2\/comments?post=32493"}],"version-history":[{"count":1,"href":"https:\/\/megavision.com.sv\/web\/wp-json\/wp\/v2\/posts\/32493\/revisions"}],"predecessor-version":[{"id":32495,"href":"https:\/\/megavision.com.sv\/web\/wp-json\/wp\/v2\/posts\/32493\/revisions\/32495"}],"wp:attachment":[{"href":"https:\/\/megavision.com.sv\/web\/wp-json\/wp\/v2\/media?parent=32493"}],"wp:term":[{"taxonomy":"category","embeddable":true,"href":"https:\/\/megavision.com.sv\/web\/wp-json\/wp\/v2\/categories?post=32493"},{"taxonomy":"post_tag","embeddable":true,"href":"https:\/\/megavision.com.sv\/web\/wp-json\/wp\/v2\/tags?post=32493"}],"curies":[{"name":"wp","href":"https:\/\/api.w.org\/{rel}","templated":true}]}}