{"id":32261,"date":"2021-09-29T09:44:55","date_gmt":"2021-09-29T15:44:55","guid":{"rendered":"https:\/\/megavision.com.sv\/?p=32261"},"modified":"2021-09-29T09:49:01","modified_gmt":"2021-09-29T15:49:01","slug":"se-preven-chubascos-y-tormentas-sobre-la-cordillera-volcanica-occidental-y-franja-norte","status":"publish","type":"post","link":"https:\/\/megavision.com.sv\/web\/se-preven-chubascos-y-tormentas-sobre-la-cordillera-volcanica-occidental-y-franja-norte\/","title":{"rendered":"Influencia de salida de onda tropical dejar\u00e1 lluvias en el pa\u00eds"},"content":{"rendered":"\n<p>Este mi\u00e9rcoles 29 de septiembre, el Ministerio de Medio Ambiente y Recursos Naturales (MARN) prev\u00e9 un cielo medio nublado con algunas lluvias frente a la costa en horas de la ma\u00f1ana.<\/p>\n\n\n\n<p>En horas cercanas al medio d\u00eda y por la tarde, se prev\u00e9n chubascos y tormentas dispersas sobre la cordillera volc\u00e1nica occidental y franja norte. En horas de la noche son probables lluvias y tormentas de moderada intensidad desplaz\u00e1ndose desde la franja norte por la zona paracentral, central y occidental del pa\u00eds.<\/p>\n\n\n\n<p>Los vientos ser\u00e1n del noreste durante la ma\u00f1ana y en la noche. Por la tarde el ingreso de la brisa marina ser\u00e1 desde el suroeste a una velocidad de entre 8 a 18 km\/h en todos los per\u00edodos. El ambiente se mantendr\u00e1 de c\u00e1lido a muy c\u00e1lido durante la tarde y fresco por la noche y en la madrugada.<\/p>\n\n\n\n<p>De acuerdo al MARN, estas condiciones estar\u00e1n influenciadas por una vaguada en niveles altos de la troposfera y una onda que termina de salir por las costas de El salvador, que se estima podr\u00eda generar lluvias de fuerte intensidad.<\/p>\n\n\n\n<blockquote class=\"twitter-tweet\"><p lang=\"es\" dir=\"ltr\">Este mi\u00e9rcoles el cielo estar\u00e1 medio nublado, con posibilidad de lluvias y tormentas en la cordillera volc\u00e1nica occidental y franja norte. El ambiente c\u00e1lido en la tarde y fresco por la noche y madrugada. <a href=\"https:\/\/t.co\/KPnT929zEy\">pic.twitter.com\/KPnT929zEy<\/a><\/p>\u2014 Ministerio de Medio Ambiente (@MedioAmbienteSV) <a href=\"https:\/\/twitter.com\/MedioAmbienteSV\/status\/1443202895604748291?ref_src=twsrc%5Etfw\">September 29, 2021<\/a><\/blockquote> <script async=\"\" src=\"https:\/\/platform.twitter.com\/widgets.js\" charset=\"utf-8\"><\/script>\n","protected":false},"excerpt":{"rendered":"<p>Este mi\u00e9rcoles 29 de septiembre, el Ministerio de Medio Ambiente y Recursos Naturales (MARN) prev\u00e9 un cielo medio nublado con algunas lluvias frente a la&hellip; <\/p>\n","protected":false},"author":11,"featured_media":0,"comment_status":"closed","ping_status":"closed","sticky":false,"template":"","format":"standard","meta":{"footnotes":""},"categories":[26],"tags":[],"class_list":["post-32261","post","type-post","status-publish","format-standard","hentry","category-noticias"],"_links":{"self":[{"href":"https:\/\/megavision.com.sv\/web\/wp-json\/wp\/v2\/posts\/32261","targetHints":{"allow":["GET"]}}],"collection":[{"href":"https:\/\/megavision.com.sv\/web\/wp-json\/wp\/v2\/posts"}],"about":[{"href":"https:\/\/megavision.com.sv\/web\/wp-json\/wp\/v2\/types\/post"}],"author":[{"embeddable":true,"href":"https:\/\/megavision.com.sv\/web\/wp-json\/wp\/v2\/users\/11"}],"replies":[{"embeddable":true,"href":"https:\/\/megavision.com.sv\/web\/wp-json\/wp\/v2\/comments?post=32261"}],"version-history":[{"count":2,"href":"https:\/\/megavision.com.sv\/web\/wp-json\/wp\/v2\/posts\/32261\/revisions"}],"predecessor-version":[{"id":32266,"href":"https:\/\/megavision.com.sv\/web\/wp-json\/wp\/v2\/posts\/32261\/revisions\/32266"}],"wp:attachment":[{"href":"https:\/\/megavision.com.sv\/web\/wp-json\/wp\/v2\/media?parent=32261"}],"wp:term":[{"taxonomy":"category","embeddable":true,"href":"https:\/\/megavision.com.sv\/web\/wp-json\/wp\/v2\/categories?post=32261"},{"taxonomy":"post_tag","embeddable":true,"href":"https:\/\/megavision.com.sv\/web\/wp-json\/wp\/v2\/tags?post=32261"}],"curies":[{"name":"wp","href":"https:\/\/api.w.org\/{rel}","templated":true}]}}