{"id":32152,"date":"2021-09-28T10:04:41","date_gmt":"2021-09-28T16:04:41","guid":{"rendered":"https:\/\/megavision.com.sv\/?p=32152"},"modified":"2021-09-28T10:04:42","modified_gmt":"2021-09-28T16:04:42","slug":"el-manchester-united-es-el-favorito-asegura-emery","status":"publish","type":"post","link":"https:\/\/megavision.com.sv\/web\/el-manchester-united-es-el-favorito-asegura-emery\/","title":{"rendered":"El Manchester United &#8220;es el favorito&#8221;, asegura Emery"},"content":{"rendered":"\n<p><em>AFP<\/em><\/p>\n\n\n\n<p>El t\u00e9cnico del Villarreal, Unai Emery, puso el foco de su encuentro de Champions del mi\u00e9rcoles contra el Manchester United, sobre el equipo ingl\u00e9s, asegurando que &#8220;ellos son los favoritos&#8221;.<\/p>\n\n\n\n<p>&#8220;Los favoritos son ellos. Nosotros tenemos nuestras cualidades y buscamos dar un paso y tener credibilidad contra equipos de alto nivel&#8221;, asegur\u00f3 Emery en la rueda de prensa previa al encuentro.<\/p>\n\n\n\n<p>&#8220;Queremos hacer una presi\u00f3n muy fuerte, posicionarnos bien, tener el bal\u00f3n, pero ma\u00f1ana va a ser un examen muy duro&#8221;, dijo Emery, que no descarta que el Manchester tenga ganas de revancha tras perder la final de la Liga Europa en mayo contra el &#8216;Submarino Amarillo&#8217; en los penales.<\/p>\n\n\n\n<p>&#8220;Son revanchas deportivas, muy sanas&#8221;, afirm\u00f3 Emery, &#8220;pero nosotros jugaremos con mucha personalidad. Tendemos que adaptarnos a lo que nos propondr\u00e1n ellos durante el partido&#8221;.<\/p>\n\n\n\n<p>&#8220;Ma\u00f1ana, los tres puntos en juego son muy importantes para nosotros&#8221;, consider\u00f3 el t\u00e9cnico del Villarreal.<\/p>\n\n\n\n<p>Emery cree que &#8220;los 90 minutos van a ser muy largos. Tenemos que ser capaces de responder con una defensa muy s\u00f3lida, muy compacta, entrar en los duelos, encontrar respuestas positivas en todo ello, y a partir de ah\u00ed, hacer un partido muy completo&#8221;.<\/p>\n\n\n\n<p>&#8220;El Manchester United va a ser ma\u00f1ana el mejor que podamos esperar, por jugar en casa, porque necesita mostrar su gran poder\u00edo, por sus jugadores, porque acaba de perder&#8230; Con Cavani, Cristiano&#8230; Estamos hablando de una delantera top&#8221;, concluy\u00f3 Emery.<\/p>\n","protected":false},"excerpt":{"rendered":"<p>AFP El t\u00e9cnico del Villarreal, Unai Emery, puso el foco de su encuentro de Champions del mi\u00e9rcoles contra el Manchester United, sobre el equipo ingl\u00e9s,&hellip; <\/p>\n","protected":false},"author":11,"featured_media":0,"comment_status":"closed","ping_status":"closed","sticky":false,"template":"","format":"standard","meta":{"footnotes":""},"categories":[30],"tags":[],"class_list":["post-32152","post","type-post","status-publish","format-standard","hentry","category-deportes"],"_links":{"self":[{"href":"https:\/\/megavision.com.sv\/web\/wp-json\/wp\/v2\/posts\/32152","targetHints":{"allow":["GET"]}}],"collection":[{"href":"https:\/\/megavision.com.sv\/web\/wp-json\/wp\/v2\/posts"}],"about":[{"href":"https:\/\/megavision.com.sv\/web\/wp-json\/wp\/v2\/types\/post"}],"author":[{"embeddable":true,"href":"https:\/\/megavision.com.sv\/web\/wp-json\/wp\/v2\/users\/11"}],"replies":[{"embeddable":true,"href":"https:\/\/megavision.com.sv\/web\/wp-json\/wp\/v2\/comments?post=32152"}],"version-history":[{"count":1,"href":"https:\/\/megavision.com.sv\/web\/wp-json\/wp\/v2\/posts\/32152\/revisions"}],"predecessor-version":[{"id":32154,"href":"https:\/\/megavision.com.sv\/web\/wp-json\/wp\/v2\/posts\/32152\/revisions\/32154"}],"wp:attachment":[{"href":"https:\/\/megavision.com.sv\/web\/wp-json\/wp\/v2\/media?parent=32152"}],"wp:term":[{"taxonomy":"category","embeddable":true,"href":"https:\/\/megavision.com.sv\/web\/wp-json\/wp\/v2\/categories?post=32152"},{"taxonomy":"post_tag","embeddable":true,"href":"https:\/\/megavision.com.sv\/web\/wp-json\/wp\/v2\/tags?post=32152"}],"curies":[{"name":"wp","href":"https:\/\/api.w.org\/{rel}","templated":true}]}}