{"id":31881,"date":"2021-09-23T16:22:17","date_gmt":"2021-09-23T22:22:17","guid":{"rendered":"https:\/\/megavision.com.sv\/?p=31881"},"modified":"2021-09-23T16:22:48","modified_gmt":"2021-09-23T22:22:48","slug":"capturado-conductor-del-transporte-colectivo-que-aparecio-en-redes-sociales-agrediendo-a-un-joven","status":"publish","type":"post","link":"https:\/\/megavision.com.sv\/web\/capturado-conductor-del-transporte-colectivo-que-aparecio-en-redes-sociales-agrediendo-a-un-joven\/","title":{"rendered":"Capturan a conductor del transporte colectivo que apareci\u00f3 en redes sociales agrediendo a un joven"},"content":{"rendered":"\n<p>Redacci\u00f3n: M\u00f3nic<em>a Linares<\/em><\/p>\n\n\n\n<p>Esta ma\u00f1ana, la Polic\u00eda Nacional Civil report\u00f3 la captura de \u00d3scar de Jes\u00fas Ram\u00edrez M\u00e9ndez, conductor de la ruta 44 que fue el protagonista de un video que se viraliz\u00f3 en redes social por agredir f\u00edsicamente a otro hombre en el municipio de Antiguo Cuscatl\u00e1n.<\/p>\n\n\n\n<p>La corporaci\u00f3n policial, inform\u00f3 que la detenci\u00f3n se da en el t\u00e9rmino de flagrancia y ser\u00e1 puesto a la orden de la Fiscal\u00eda General de la Rep\u00fablica.\u00a0\u00a0\u00a0\u00a0<\/p>\n\n\n\n<blockquote class=\"twitter-tweet\"><p lang=\"es\" dir=\"ltr\">No vamos a permitir m\u00e1s actos de intolerancia y violencia. Este d\u00eda, efectivos de la <a href=\"https:\/\/twitter.com\/PNCSV?ref_src=twsrc%5Etfw\">@PNCSV<\/a> capturaron a \u00d3scar de Jes\u00fas Ram\u00edrez, motorista de una unidad del transporte p\u00fablico, quien agredi\u00f3 a una persona y ser\u00e1 puesto a la orden de la justicia. <a href=\"https:\/\/t.co\/WRh7NtRYWE\">https:\/\/t.co\/WRh7NtRYWE<\/a><\/p>&mdash; Gustavo Villatoro \ud83c\uddf8\ud83c\uddfb (@Vi11atoro) <a href=\"https:\/\/twitter.com\/Vi11atoro\/status\/1441052385959297025?ref_src=twsrc%5Etfw\">September 23, 2021<\/a><\/blockquote> <script async src=\"https:\/\/platform.twitter.com\/widgets.js\" charset=\"utf-8\"><\/script>\n","protected":false},"excerpt":{"rendered":"<p>Redacci\u00f3n: M\u00f3nica Linares Esta ma\u00f1ana, la Polic\u00eda Nacional Civil report\u00f3 la captura de \u00d3scar de Jes\u00fas Ram\u00edrez M\u00e9ndez, conductor de la ruta 44 que fue&hellip; <\/p>\n","protected":false},"author":11,"featured_media":0,"comment_status":"closed","ping_status":"closed","sticky":false,"template":"","format":"standard","meta":{"footnotes":""},"categories":[26],"tags":[],"class_list":["post-31881","post","type-post","status-publish","format-standard","hentry","category-noticias"],"_links":{"self":[{"href":"https:\/\/megavision.com.sv\/web\/wp-json\/wp\/v2\/posts\/31881","targetHints":{"allow":["GET"]}}],"collection":[{"href":"https:\/\/megavision.com.sv\/web\/wp-json\/wp\/v2\/posts"}],"about":[{"href":"https:\/\/megavision.com.sv\/web\/wp-json\/wp\/v2\/types\/post"}],"author":[{"embeddable":true,"href":"https:\/\/megavision.com.sv\/web\/wp-json\/wp\/v2\/users\/11"}],"replies":[{"embeddable":true,"href":"https:\/\/megavision.com.sv\/web\/wp-json\/wp\/v2\/comments?post=31881"}],"version-history":[{"count":2,"href":"https:\/\/megavision.com.sv\/web\/wp-json\/wp\/v2\/posts\/31881\/revisions"}],"predecessor-version":[{"id":31885,"href":"https:\/\/megavision.com.sv\/web\/wp-json\/wp\/v2\/posts\/31881\/revisions\/31885"}],"wp:attachment":[{"href":"https:\/\/megavision.com.sv\/web\/wp-json\/wp\/v2\/media?parent=31881"}],"wp:term":[{"taxonomy":"category","embeddable":true,"href":"https:\/\/megavision.com.sv\/web\/wp-json\/wp\/v2\/categories?post=31881"},{"taxonomy":"post_tag","embeddable":true,"href":"https:\/\/megavision.com.sv\/web\/wp-json\/wp\/v2\/tags?post=31881"}],"curies":[{"name":"wp","href":"https:\/\/api.w.org\/{rel}","templated":true}]}}