{"id":31878,"date":"2021-09-23T16:04:25","date_gmt":"2021-09-23T22:04:25","guid":{"rendered":"https:\/\/megavision.com.sv\/?p=31878"},"modified":"2021-09-23T16:04:26","modified_gmt":"2021-09-23T22:04:26","slug":"director-de-bomberos-el-60-del-mercado-san-miguelito-fue-afectado","status":"publish","type":"post","link":"https:\/\/megavision.com.sv\/web\/director-de-bomberos-el-60-del-mercado-san-miguelito-fue-afectado\/","title":{"rendered":"Director de Bomberos: &#8220;El 60% del mercado San Miguelito fue afectado&#8221;"},"content":{"rendered":"\n<p><em>Redacci\u00f3n: Javier Castellanos<\/em><\/p>\n\n\n\n<p>El director de Bomberos de El Salvador, Edwin Chavarr\u00eda, en una entrevista televisiva inform\u00f3 sobre el trabajo que realiz\u00f3 la instituci\u00f3n el d\u00eda de ayer en el mercado San Miguelito.<\/p>\n\n\n\n<p>&#8220;El 60% del mercado San Miguelito se vio afectado por el siniestro de ayer, sin embargo, no hay v\u00edctimas mortales ni lesionados de gravedad&#8221;, explic\u00f3 el director de Bomberos al hacer una valoraci\u00f3n del trabajo realizado por el Cuerpo de Bomberos y las diferentes instituciones que forman parte de Protecci\u00f3n Civil al atender el siniestro registrado el d\u00eda de ayer.<\/p>\n\n\n\n<p>Adem\u00e1s explic\u00f3 que se encuentran inspeccionando la zona para determinar las causas que ocasionaron el incendio e hizo un llamado a la poblaci\u00f3n a que sean conscientes para prevenir futuras tragedias.<\/p>\n\n\n\n<blockquote class=\"twitter-tweet\"><p lang=\"es\" dir=\"ltr\">Nuestro director, <a href=\"https:\/\/twitter.com\/Edw_Chavarria?ref_src=twsrc%5Etfw\">@Edw_Chavarria<\/a>, ampl\u00eda sobre las acciones que realizamos en el Mercado San Miguelito. <a href=\"https:\/\/t.co\/QLJLcRgYPQ\">pic.twitter.com\/QLJLcRgYPQ<\/a><\/p>&mdash; Bomberos El Salvador (@BomberosSV) <a href=\"https:\/\/twitter.com\/BomberosSV\/status\/1441066691560148995?ref_src=twsrc%5Etfw\">September 23, 2021<\/a><\/blockquote> <script async src=\"https:\/\/platform.twitter.com\/widgets.js\" charset=\"utf-8\"><\/script>\n\n\n\n<blockquote class=\"twitter-tweet\"><p lang=\"es\" dir=\"ltr\">Se estima que un 60 % del mercado result\u00f3 afectado, el sector Poniente del inmueble. <a href=\"https:\/\/t.co\/Z8LCZac2kf\">pic.twitter.com\/Z8LCZac2kf<\/a><\/p>&mdash; Bomberos El Salvador (@BomberosSV) <a href=\"https:\/\/twitter.com\/BomberosSV\/status\/1441082880902385668?ref_src=twsrc%5Etfw\">September 23, 2021<\/a><\/blockquote> <script async src=\"https:\/\/platform.twitter.com\/widgets.js\" charset=\"utf-8\"><\/script>\n\n\n","protected":false},"excerpt":{"rendered":"<p>Redacci\u00f3n: Javier Castellanos El director de Bomberos de El Salvador, Edwin Chavarr\u00eda, en una entrevista televisiva inform\u00f3 sobre el trabajo que realiz\u00f3 la instituci\u00f3n el&hellip; <\/p>\n","protected":false},"author":11,"featured_media":0,"comment_status":"closed","ping_status":"closed","sticky":false,"template":"","format":"standard","meta":{"footnotes":""},"categories":[26],"tags":[],"class_list":["post-31878","post","type-post","status-publish","format-standard","hentry","category-noticias"],"_links":{"self":[{"href":"https:\/\/megavision.com.sv\/web\/wp-json\/wp\/v2\/posts\/31878","targetHints":{"allow":["GET"]}}],"collection":[{"href":"https:\/\/megavision.com.sv\/web\/wp-json\/wp\/v2\/posts"}],"about":[{"href":"https:\/\/megavision.com.sv\/web\/wp-json\/wp\/v2\/types\/post"}],"author":[{"embeddable":true,"href":"https:\/\/megavision.com.sv\/web\/wp-json\/wp\/v2\/users\/11"}],"replies":[{"embeddable":true,"href":"https:\/\/megavision.com.sv\/web\/wp-json\/wp\/v2\/comments?post=31878"}],"version-history":[{"count":1,"href":"https:\/\/megavision.com.sv\/web\/wp-json\/wp\/v2\/posts\/31878\/revisions"}],"predecessor-version":[{"id":31880,"href":"https:\/\/megavision.com.sv\/web\/wp-json\/wp\/v2\/posts\/31878\/revisions\/31880"}],"wp:attachment":[{"href":"https:\/\/megavision.com.sv\/web\/wp-json\/wp\/v2\/media?parent=31878"}],"wp:term":[{"taxonomy":"category","embeddable":true,"href":"https:\/\/megavision.com.sv\/web\/wp-json\/wp\/v2\/categories?post=31878"},{"taxonomy":"post_tag","embeddable":true,"href":"https:\/\/megavision.com.sv\/web\/wp-json\/wp\/v2\/tags?post=31878"}],"curies":[{"name":"wp","href":"https:\/\/api.w.org\/{rel}","templated":true}]}}