{"id":31840,"date":"2021-09-23T12:51:28","date_gmt":"2021-09-23T18:51:28","guid":{"rendered":"https:\/\/megavision.com.sv\/?p=31840"},"modified":"2021-09-23T12:51:29","modified_gmt":"2021-09-23T18:51:29","slug":"la-firma-emporio-armani-celebra-40-anos-en-milan","status":"publish","type":"post","link":"https:\/\/megavision.com.sv\/web\/la-firma-emporio-armani-celebra-40-anos-en-milan\/","title":{"rendered":"La firma Emporio Armani celebra 40 a\u00f1os en Mil\u00e1n"},"content":{"rendered":"\n<p><em>AFP<\/em><\/p>\n\n\n\n<p>La conocida firma Emporio Armani celebr\u00f3 este jueves 40 a\u00f1os de su fundaci\u00f3n con un desfile en Mil\u00e1n que rinde homenaje a la &#8220;moda democr\u00e1tica&#8221; y accesible, que ha sabido adaptarse al gusto de un p\u00fablico joven, urbano e irreverente.<\/p>\n\n\n\n<p>El maestro Giorgio Armani, el primero que cerr\u00f3 las puertas al p\u00fablico hace 18 meses cuando comenz\u00f3 a propagarse el covid-19 en Lombard\u00eda, irradiaba felicidad al presentar su nueva colecci\u00f3n a una audiencia de selectos invitados durante la segunda jornada de la Semana de la Moda milanesa.<\/p>\n\n\n\n<p>&#8220;Recibir al p\u00fablico es emocionante. \u00a1Aunque ahora la palabra pasa al p\u00fablico! \u00a1Como siempre nos exponemos a su juicio!&#8221;, coment\u00f3 el creador de la ic\u00f3nica marca italiana.<\/p>\n\n\n\n<p>El dise\u00f1ador, que revis\u00f3 algunos de los hitos de la marca, sigue experimentando despu\u00e9s de tantos a\u00f1os y usa materiales innovadores, como cuando lanz\u00f3 la marca en 1981 y se afianz\u00f3 en el panorama internacional.<\/p>\n\n\n\n<p>Armani que desde entonces apuesta por ofrecer trajes funcionales y a la vez elegantes con precios accesibles, sigue conquistando audiencia con sus propuestas, prendas en ocasiones unisex, chaquetas anchas, de corte perfecto y que todos quieren tener en el propio armario como una joya.<\/p>\n\n\n\n<p>&#8220;Recuerdo el d\u00eda que dise\u00f1\u00e9 el logo del \u00e1guila, que se convirti\u00f3 luego en el logo de Emporio. Estaba hablando por tel\u00e9fono con Sergio Galeotti, mi socio de entonces, que me urg\u00eda: \u00a1Tenemos que crear nuestra propia Lacoste! Me dije \u00bfqu\u00e9 ser\u00e1 lo que vuela alto sobre todo el mundo? Pues el \u00e1guila&#8221;, cont\u00f3.<\/p>\n\n\n\n<p>La llamada &#8220;revoluci\u00f3n silenciosa&#8221; que &nbsp;Armani caus\u00f3 en el mundo de la moda sobrevive desde hace casi medio siglo gracias a la introducci\u00f3n del denim, por lo que justamente abri\u00f3 el desfile milan\u00e9s con unos jeans patchwork.<\/p>\n\n\n\n<p>La elegancia y la sobriedad resaltan en la nueva colecci\u00f3n, se inspiran en pa\u00edses lejanos, propone pantalones fluidos que evocan el desierto, camisas de cuello mao y colores vivos de otros rincones.&nbsp;<\/p>\n\n\n\n<p>Sus trajes no son r\u00edgidos, son siempre ligeros, flexibles, de lino o seda lavada.<\/p>\n\n\n\n<p>\u00bfC\u00f3mo hace para seguir innovando? A la pregunta, el estilista responde sin pesta\u00f1ear: &#8220;Mirando a mi alrededor y no haciendo lo que me proponen. Esa es mi forma de pensar y nunca me voy a rendir&#8221;, confes\u00f3.<\/p>\n","protected":false},"excerpt":{"rendered":"<p>AFP La conocida firma Emporio Armani celebr\u00f3 este jueves 40 a\u00f1os de su fundaci\u00f3n con un desfile en Mil\u00e1n que rinde homenaje a la &#8220;moda&hellip; <\/p>\n","protected":false},"author":11,"featured_media":0,"comment_status":"closed","ping_status":"closed","sticky":false,"template":"","format":"standard","meta":{"footnotes":""},"categories":[33,28,29],"tags":[],"class_list":["post-31840","post","type-post","status-publish","format-standard","hentry","category-el-sotano","category-entretenimiento","category-juveniles"],"_links":{"self":[{"href":"https:\/\/megavision.com.sv\/web\/wp-json\/wp\/v2\/posts\/31840","targetHints":{"allow":["GET"]}}],"collection":[{"href":"https:\/\/megavision.com.sv\/web\/wp-json\/wp\/v2\/posts"}],"about":[{"href":"https:\/\/megavision.com.sv\/web\/wp-json\/wp\/v2\/types\/post"}],"author":[{"embeddable":true,"href":"https:\/\/megavision.com.sv\/web\/wp-json\/wp\/v2\/users\/11"}],"replies":[{"embeddable":true,"href":"https:\/\/megavision.com.sv\/web\/wp-json\/wp\/v2\/comments?post=31840"}],"version-history":[{"count":1,"href":"https:\/\/megavision.com.sv\/web\/wp-json\/wp\/v2\/posts\/31840\/revisions"}],"predecessor-version":[{"id":31842,"href":"https:\/\/megavision.com.sv\/web\/wp-json\/wp\/v2\/posts\/31840\/revisions\/31842"}],"wp:attachment":[{"href":"https:\/\/megavision.com.sv\/web\/wp-json\/wp\/v2\/media?parent=31840"}],"wp:term":[{"taxonomy":"category","embeddable":true,"href":"https:\/\/megavision.com.sv\/web\/wp-json\/wp\/v2\/categories?post=31840"},{"taxonomy":"post_tag","embeddable":true,"href":"https:\/\/megavision.com.sv\/web\/wp-json\/wp\/v2\/tags?post=31840"}],"curies":[{"name":"wp","href":"https:\/\/api.w.org\/{rel}","templated":true}]}}