{"id":23568,"date":"2021-05-12T17:03:37","date_gmt":"2021-05-12T23:03:37","guid":{"rendered":"https:\/\/megavision.com.sv\/?p=23568"},"modified":"2021-05-12T17:03:38","modified_gmt":"2021-05-12T23:03:38","slug":"biden-habla-con-netanyahu-y-eeuu-envia-emisario-a-oriente-medio","status":"publish","type":"post","link":"https:\/\/megavision.com.sv\/web\/biden-habla-con-netanyahu-y-eeuu-envia-emisario-a-oriente-medio\/","title":{"rendered":"Biden habla con Netanyahu y EEUU env\u00eda emisario a Oriente Medio"},"content":{"rendered":"\n<p><em>AFP<\/em><\/p>\n\n\n\n<p>El presidente de Estados Unidos, Joe Biden, convers\u00f3 telef\u00f3nicamente este mi\u00e9rcoles con el primer ministro israel\u00ed, Benjamin Netanyahu, poco despu\u00e9s del anuncio del envio de un emisario a Israel y los Territorios Ocupados tras los enfrentamientos de los \u00faltimos d\u00edas.<\/p>\n\n\n\n<p>&#8220;Mantuve un intercambio con Bibi Netanyahu&#8221;, dijo el mandatario desde la Casa Blanca. &#8220;Tengo esperanza en que la situaci\u00f3n se resuelva lo m\u00e1s r\u00e1pido posible, pero Israel tiene derecho a defenderse cuando miles de misiles son disparados hacia su territorio&#8221;, afirm\u00f3. &nbsp;<\/p>\n\n\n\n<p>Hady Amr, subsecretario de Estado adjunto a cargo de los asuntos israel\u00edes y palestinos, viajar\u00e1 &#8220;inmediatamente&#8221; a la regi\u00f3n para buscar v\u00edas de entendimiento entre los l\u00edderes de ambas partes y &#8220;una desescalada de la violencia&#8221;, declar\u00f3 el jefe de la diplomacia estadounidense, Anthony Blinken, a periodistas.<\/p>\n\n\n\n<p>&#8220;Urgir\u00e1 en mi nombre y en nombre del presidente a una reducci\u00f3n de la violencia&#8221;, destac\u00f3 Blinken.<\/p>\n\n\n\n<p>Amr saldr\u00e1 de Washington este mismo mi\u00e9rcoles para reunirse con dirigentes israel\u00edes y palestinos, agreg\u00f3 un alto funcionario estadounidense sin dar m\u00e1s detalles.<\/p>\n\n\n\n<p>Blinken tambi\u00e9n mantuvo un contacto telef\u00f3nico con Netanyahu, al cual &#8220;reiter\u00f3 su llamado a todas las partes en favor de una desescalada de las tensiones y del fin de la violencia&#8221;.&nbsp;<\/p>\n\n\n\n<p>&#8220;El secretario de Estado reiter\u00f3 su llamado a todas las partes para que disminuyan las tensiones y pongan fin a la violencia&#8221;, se\u00f1al\u00f3 la nota, para acotar que tambi\u00e9n &#8220;hizo hincapi\u00e9 en la necesidad de que israel\u00edes y palestinos puedan vivir con seguridad&#8221; y &#8220;disfrutar de la libertad, la seguridad, la prosperidad y la democracia por igual&#8221;.<\/p>\n\n\n\n<p>Blinken enfatiz\u00f3 en que hab\u00eda una &#8220;distinci\u00f3n muy clara y absoluta entre una organizaci\u00f3n terrorista, Hamas, que est\u00e1 lanzando cohetes indiscriminadamente \u2014de hecho, apuntando a civiles\u2014 y la respuesta de Israel que se defiende&#8221;.<\/p>\n\n\n\n<p>El secretario estadounidense de Defensa, Lloyd Austin, llam\u00f3 a su vez a su hom\u00f3logo israel\u00ed, Benny Gantz, y le manifest\u00f3 su respaldo al &#8220;derecho leg\u00edtimo de Israel a defenderse a s\u00ed mismo y a su pueblo&#8221; al tiempo que inst\u00f3 a tomar medidas para restaurar la calma, sostuvo el Pent\u00e1gono.<\/p>\n\n\n\n<p>El nuevo estallido de violencia, el m\u00e1s intenso en siete a\u00f1os, ha dejado m\u00e1s de 60 v\u00edctimas fatales en ambos lados entre los cohetes lanzados por el movimiento islamista Hamas y los ataques israel\u00edes, incluidos m\u00e1s de 50 en Gaza, que causaron la muerte de al menos 14 ni\u00f1os, y seis en Israel.&nbsp;<\/p>\n\n\n\n<h2 class=\"wp-block-heading\">&#8211; &#8220;Carga adicional&#8221; &#8211;<\/h2>\n\n\n\n<p>Ante la prensa, Blinken volvi\u00f3 a condenar los ataques de Hamas contra Israel &#8220;con la mayor firmeza&#8221;, pero tambi\u00e9n consider\u00f3 que &#8220;cualquier muerte de civiles&#8221; era &#8220;una tragedia&#8221;.&nbsp;<\/p>\n\n\n\n<p>&#8220;Creo que Israel tiene una carga adicional de tratar de hacer todo lo posible para evitar v\u00edctimas civiles, incluso cuando est\u00e9 respondiendo leg\u00edtimamente en defensa de su pueblo&#8221;, sostuvo el secretario de Estado, y se\u00f1al\u00f3 que las im\u00e1genes de las muertes de ni\u00f1os palestinos eran &#8220;desgarradoras&#8221;.&nbsp;<\/p>\n\n\n\n<p>&#8220;Los palestinos tienen derecho a la seguridad&#8221;, agreg\u00f3.&nbsp;<\/p>\n\n\n\n<p>Ante las cr\u00edticas a la actitud de la administraci\u00f3n de Biden, a menudo acusada de no estar a la altura en el conflicto en Medio Oriente, asegur\u00f3 que Estados Unidos estaba &#8220;plenamente involucrado&#8221; con &#8220;todas las partes, incluidos los palestinos&#8221;, aunque no quiso especificar la naturaleza de esos contactos.&nbsp;<\/p>\n\n\n\n<p>&#8220;Lo m\u00e1s importante ahora es que todas las partes detengan la violencia, se involucren en la desescalada&#8221;, insisti\u00f3.<\/p>\n\n\n\n<p>Un alto funcionario estadounidense bajo condici\u00f3n de anonimato confirm\u00f3 que su pa\u00eds est\u00e1 multiplicando los contactos con otros actores en la regi\u00f3n, fundamentalmente con Jordania y Egipto.<\/p>\n\n\n\n<p>El Cairo &#8220;tiene los mismos intereses que nosotros en favor de una desescalada&#8221; y &#8220;continuaremos coordinando estrechamente&#8221;, dijo.&nbsp;<\/p>\n","protected":false},"excerpt":{"rendered":"<p>AFP El presidente de Estados Unidos, Joe Biden, convers\u00f3 telef\u00f3nicamente este mi\u00e9rcoles con el primer ministro israel\u00ed, Benjamin Netanyahu, poco despu\u00e9s del anuncio del envio&hellip; <\/p>\n","protected":false},"author":11,"featured_media":0,"comment_status":"closed","ping_status":"closed","sticky":false,"template":"","format":"standard","meta":{"footnotes":""},"categories":[26],"tags":[],"class_list":["post-23568","post","type-post","status-publish","format-standard","hentry","category-noticias"],"_links":{"self":[{"href":"https:\/\/megavision.com.sv\/web\/wp-json\/wp\/v2\/posts\/23568","targetHints":{"allow":["GET"]}}],"collection":[{"href":"https:\/\/megavision.com.sv\/web\/wp-json\/wp\/v2\/posts"}],"about":[{"href":"https:\/\/megavision.com.sv\/web\/wp-json\/wp\/v2\/types\/post"}],"author":[{"embeddable":true,"href":"https:\/\/megavision.com.sv\/web\/wp-json\/wp\/v2\/users\/11"}],"replies":[{"embeddable":true,"href":"https:\/\/megavision.com.sv\/web\/wp-json\/wp\/v2\/comments?post=23568"}],"version-history":[{"count":1,"href":"https:\/\/megavision.com.sv\/web\/wp-json\/wp\/v2\/posts\/23568\/revisions"}],"predecessor-version":[{"id":23570,"href":"https:\/\/megavision.com.sv\/web\/wp-json\/wp\/v2\/posts\/23568\/revisions\/23570"}],"wp:attachment":[{"href":"https:\/\/megavision.com.sv\/web\/wp-json\/wp\/v2\/media?parent=23568"}],"wp:term":[{"taxonomy":"category","embeddable":true,"href":"https:\/\/megavision.com.sv\/web\/wp-json\/wp\/v2\/categories?post=23568"},{"taxonomy":"post_tag","embeddable":true,"href":"https:\/\/megavision.com.sv\/web\/wp-json\/wp\/v2\/tags?post=23568"}],"curies":[{"name":"wp","href":"https:\/\/api.w.org\/{rel}","templated":true}]}}