{"id":17984,"date":"2021-02-15T14:30:44","date_gmt":"2021-02-15T20:30:44","guid":{"rendered":"https:\/\/megavision.com.sv\/?p=17984"},"modified":"2021-02-15T14:30:44","modified_gmt":"2021-02-15T20:30:44","slug":"rapero-espanol-se-atrinchera-en-universidad-para-evitar-su-arresto","status":"publish","type":"post","link":"https:\/\/megavision.com.sv\/web\/rapero-espanol-se-atrinchera-en-universidad-para-evitar-su-arresto\/","title":{"rendered":"Rapero espa\u00f1ol se atrinchera en universidad para evitar su arresto"},"content":{"rendered":"\n<p><em>AFP<\/em><\/p>\n\n\n\n<p>Un rapero espa\u00f1ol que debe comenzar una pol\u00e9mica condena a nueve meses de c\u00e1rcel por tuits en los que atacaba a la monarqu\u00eda y a las fuerzas policiales, anunci\u00f3 este lunes que se atrincher\u00f3 en una universidad para evitar su detenci\u00f3n.<\/p>\n\n\n\n<p>&#8220;Estoy encerrado junto a bastantes solidarios en la Universitat de Lleida, tendr\u00e1n que reventarla para detenerme y encarcelarme&#8221; tuite\u00f3 Pablo Hasel.<\/p>\n\n\n\n<p>Una portavoz de la universidad de esa localidad catalana, a 150 km al oeste de Barcelona, confirm\u00f3 a la AFP que Hasel se encontraba en el edificio del Rectorado con &#8220;una veintena&#8221; de simpatizantes, pero indic\u00f3 que la situaci\u00f3n era de calma y que la polic\u00eda no se encontraba en el lugar.<\/p>\n\n\n\n<p>Hasel ten\u00eda plazo hasta la noche del viernes para entregarse voluntariamente y empezar a cumplir la sentencia por el delito de enaltecimiento del terrorismo por sus mensajes publicados entre 2014 y 2016.<\/p>\n\n\n\n<p>En esos tuits, llamaba, por ejemplo &#8220;mercenarios de mierda&#8221; a las fuerzas policiales y las acusaba de torturar y asesinar a manifestantes e inmigrantes.<\/p>\n\n\n\n<p>En entrevista telef\u00f3nica con AFP, Hasel hab\u00eda dicho el viernes que no se presentar\u00eda por sus propios medios. &#8220;Tendr\u00e1n que venir ellos a secuestrarme&#8221;, dijo desafiante en ese momento.<\/p>\n\n\n\n<p>Adem\u00e1s de realizarse manifestaciones en su apoyo en Madrid y Barcelona, unos 200 artistas, entre ellos Pedro Almod\u00f3var, Javier Bardem y Joan Manuel Serrat firmaron un manifiesto en su defensa.<\/p>\n\n\n\n<p>Ante el esc\u00e1ndalo, el gobierno del socialista Pedro S\u00e1nchez prometi\u00f3 la semana pasada que plantear\u00e1 &#8220;una revisi\u00f3n de los delitos relacionados con excesos en el ejercicio de la libertad de expresi\u00f3n&#8221;, con el objetivo de que se impongan penas &#8220;disuasorias&#8221; y no de c\u00e1rcel.<\/p>\n\n\n\n<p>El caso de Hasel recuerda al del rapero balear Valtonyc, quien en 2018 se march\u00f3 a B\u00e9lgica horas antes de entrar en prisi\u00f3n para cumplir una condena por injurias al rey, enaltecimiento del terrorismo y amenazas en sus canciones.<\/p>\n\n\n\n<p>B\u00e9lgica ha rechazado la extradici\u00f3n solicitada por Espa\u00f1a hasta el momento, alegando que sus acciones no son delito bajo la ley belga.<\/p>\n","protected":false},"excerpt":{"rendered":"<p>AFP Un rapero espa\u00f1ol que debe comenzar una pol\u00e9mica condena a nueve meses de c\u00e1rcel por tuits en los que atacaba a la monarqu\u00eda y&hellip; <\/p>\n","protected":false},"author":11,"featured_media":0,"comment_status":"closed","ping_status":"closed","sticky":false,"template":"","format":"standard","meta":{"footnotes":""},"categories":[28,34,29],"tags":[],"class_list":["post-17984","post","type-post","status-publish","format-standard","hentry","category-entretenimiento","category-exit","category-juveniles"],"_links":{"self":[{"href":"https:\/\/megavision.com.sv\/web\/wp-json\/wp\/v2\/posts\/17984","targetHints":{"allow":["GET"]}}],"collection":[{"href":"https:\/\/megavision.com.sv\/web\/wp-json\/wp\/v2\/posts"}],"about":[{"href":"https:\/\/megavision.com.sv\/web\/wp-json\/wp\/v2\/types\/post"}],"author":[{"embeddable":true,"href":"https:\/\/megavision.com.sv\/web\/wp-json\/wp\/v2\/users\/11"}],"replies":[{"embeddable":true,"href":"https:\/\/megavision.com.sv\/web\/wp-json\/wp\/v2\/comments?post=17984"}],"version-history":[{"count":1,"href":"https:\/\/megavision.com.sv\/web\/wp-json\/wp\/v2\/posts\/17984\/revisions"}],"predecessor-version":[{"id":17986,"href":"https:\/\/megavision.com.sv\/web\/wp-json\/wp\/v2\/posts\/17984\/revisions\/17986"}],"wp:attachment":[{"href":"https:\/\/megavision.com.sv\/web\/wp-json\/wp\/v2\/media?parent=17984"}],"wp:term":[{"taxonomy":"category","embeddable":true,"href":"https:\/\/megavision.com.sv\/web\/wp-json\/wp\/v2\/categories?post=17984"},{"taxonomy":"post_tag","embeddable":true,"href":"https:\/\/megavision.com.sv\/web\/wp-json\/wp\/v2\/tags?post=17984"}],"curies":[{"name":"wp","href":"https:\/\/api.w.org\/{rel}","templated":true}]}}