{"id":17969,"date":"2021-02-15T11:19:02","date_gmt":"2021-02-15T17:19:02","guid":{"rendered":"https:\/\/megavision.com.sv\/?p=17969"},"modified":"2021-02-15T11:19:03","modified_gmt":"2021-02-15T17:19:03","slug":"la-ue-busca-evitar-que-se-repita-el-caos-por-cierre-de-fronteras-internas","status":"publish","type":"post","link":"https:\/\/megavision.com.sv\/web\/la-ue-busca-evitar-que-se-repita-el-caos-por-cierre-de-fronteras-internas\/","title":{"rendered":"La UE busca evitar que se repita el caos por cierre de fronteras internas"},"content":{"rendered":"\n<p><em>AFP<\/em><\/p>\n\n\n\n<p>La Comisi\u00f3n Europea urgi\u00f3 este lunes a coordinar las restricciones fronterizas de los estados miembros para contener las transmisiones del coronavirus despu\u00e9s de que Alemania y B\u00e9lgica impusieran medidas que socavan la libertad de movimiento en el bloque.<\/p>\n\n\n\n<p>La Comisi\u00f3n Europea inform\u00f3 que hab\u00eda enviado cartas a los pa\u00edses mimebros para enfatizar las recomendaciones de viaje acordadas en 2020 en un esfuerzo por prevenir que se repita el caos visto al comienzo de la pandemia, cuando los cierres unilaterales de fronteras tornaron imprevisible el transito de cargas y pasajeros.<\/p>\n\n\n\n<p>La Comisi\u00f3n Europea ya ha expresado su malestar con las restricciones de Alemania y con medidas similares adoptadas en B\u00e9lgica desde enero, que restringen dram\u00e1ticamente el flujo de todos los viajes no esenciales dentro y fuera de su territorio.<\/p>\n\n\n\n<p>Un portavoz de la comisi\u00f3n, Christian Wigand, dijo que la UE quiere que los estados miembros sigan las recomendaciones acordadas en octubre, basadas en c\u00f3digos de colores relacionados con el riesgo de infecci\u00f3n, en lugar de hacerlo de forma aut\u00f3noma.<\/p>\n\n\n\n<p>&#8220;Esperamos que todos los estados miembros sigan este enfoque coordinado y las restricciones de viaje basadas en el c\u00f3digo de color com\u00fan&#8221;, dijo.<\/p>\n\n\n\n<p>&#8220;Deben evitarse los cierres de fronteras o las prohibiciones generales de viaje&#8221;, agreg\u00f3.<\/p>\n\n\n\n<p>El domingo &nbsp;Alemania pas\u00f3 a autorizar con cuentagotas los cruces fronterizos desde Austria y la Rep\u00fablica Checa, en un intento por frenar la propagaci\u00f3n de variantes del coronavirus que han surgido en el Reino Unido, Sud\u00e1frica y Brasil.<\/p>\n\n\n\n<p>El gobierno alem\u00e1n indic\u00f3 que el lunes que no descartar\u00eda hacer lo mismo en su frontera con Francia, a pesar de las protestas de Par\u00eds.<\/p>\n\n\n\n<p>El portavoz del gobierno alem\u00e1n, Steffen Seibert, dijo que Berl\u00edn &#8220;contin\u00faa monitoreando la situaci\u00f3n y revisando continuamente nuestras medidas para combatir la pandemia&#8221;.<\/p>\n\n\n\n<p>Agreg\u00f3 que los cierres de fronteras &#8220;no eran normales&#8221; y se trataba de un &#8220;\u00faltimo recurso&#8221;, pero a\u00f1adi\u00f3 que Alemania estaba &#8220;en una situaci\u00f3n en la que debemos hacer todo lo posible para evitar que mutaciones m\u00e1s agresivas del virus se propaguen tan r\u00e1pidamente en Alemania como lo han hecho en otras partes&#8221;.<\/p>\n\n\n\n<p>Los comentarios de Seibert se produjeron horas despu\u00e9s de que el ministro franc\u00e9s de Asuntos Europeos, Clement Beaune, instara a Alemania a no cerrar sus fronteras con Francia.<\/p>\n\n\n\n<p>&#8220;No queremos que Alemania cierre la frontera por completo&#8221;, dijo Beaune despu\u00e9s de que Berl\u00edn introdujo controles estrictos en sus fronteras con Austria y la Rep\u00fablica Checa durante el fin de semana.<\/p>\n\n\n\n<p>Alemania cerr\u00f3 parcialmente sus fronteras con la Rep\u00fablica Checa y el Tirol de Austria el domingo debido a un aumento preocupante en las mutaciones del coronavirus.<\/p>\n","protected":false},"excerpt":{"rendered":"<p>AFP La Comisi\u00f3n Europea urgi\u00f3 este lunes a coordinar las restricciones fronterizas de los estados miembros para contener las transmisiones del coronavirus despu\u00e9s de que&hellip; <\/p>\n","protected":false},"author":11,"featured_media":0,"comment_status":"closed","ping_status":"closed","sticky":false,"template":"","format":"standard","meta":{"footnotes":""},"categories":[31],"tags":[],"class_list":["post-17969","post","type-post","status-publish","format-standard","hentry","category-salud"],"_links":{"self":[{"href":"https:\/\/megavision.com.sv\/web\/wp-json\/wp\/v2\/posts\/17969","targetHints":{"allow":["GET"]}}],"collection":[{"href":"https:\/\/megavision.com.sv\/web\/wp-json\/wp\/v2\/posts"}],"about":[{"href":"https:\/\/megavision.com.sv\/web\/wp-json\/wp\/v2\/types\/post"}],"author":[{"embeddable":true,"href":"https:\/\/megavision.com.sv\/web\/wp-json\/wp\/v2\/users\/11"}],"replies":[{"embeddable":true,"href":"https:\/\/megavision.com.sv\/web\/wp-json\/wp\/v2\/comments?post=17969"}],"version-history":[{"count":1,"href":"https:\/\/megavision.com.sv\/web\/wp-json\/wp\/v2\/posts\/17969\/revisions"}],"predecessor-version":[{"id":17971,"href":"https:\/\/megavision.com.sv\/web\/wp-json\/wp\/v2\/posts\/17969\/revisions\/17971"}],"wp:attachment":[{"href":"https:\/\/megavision.com.sv\/web\/wp-json\/wp\/v2\/media?parent=17969"}],"wp:term":[{"taxonomy":"category","embeddable":true,"href":"https:\/\/megavision.com.sv\/web\/wp-json\/wp\/v2\/categories?post=17969"},{"taxonomy":"post_tag","embeddable":true,"href":"https:\/\/megavision.com.sv\/web\/wp-json\/wp\/v2\/tags?post=17969"}],"curies":[{"name":"wp","href":"https:\/\/api.w.org\/{rel}","templated":true}]}}