{"id":17960,"date":"2021-02-15T10:45:06","date_gmt":"2021-02-15T16:45:06","guid":{"rendered":"https:\/\/megavision.com.sv\/?p=17960"},"modified":"2021-02-15T10:45:07","modified_gmt":"2021-02-15T16:45:07","slug":"alonso-sale-del-hospital-tras-su-accidente-de-bicicleta","status":"publish","type":"post","link":"https:\/\/megavision.com.sv\/web\/alonso-sale-del-hospital-tras-su-accidente-de-bicicleta\/","title":{"rendered":"Alonso sale del hospital tras su accidente de bicicleta"},"content":{"rendered":"\n<p><em>AFP<\/em><\/p>\n\n\n\n<p>El piloto espa\u00f1ol de F\u00f3rmula 1 Fernando Alonso, operado de una fractura de la mand\u00edbula superior tras un accidente de bicicleta en Suiza, sali\u00f3 del hospital tras pasar 48 horas en observaci\u00f3n, anunci\u00f3 este lunes su escuder\u00eda Alpine (antes Renault).&nbsp;<\/p>\n\n\n\n<p>El doble campe\u00f3n del mundo &#8220;continuar\u00e1 su convalecencia en su casa&#8221;, precisa el equipo en un comunicado. &#8220;Respetar\u00e1 un corto per\u00edodo de descanso completo, antes de reanudar progresivamente el entrenamiento para preparar el inicio de temporada&#8221;, con los ensayos del 12 al 14 de marzo en Bar\u00e9in y un primer gran premio el 28 de marzo, tambi\u00e9n en Bar\u00e9in, como citas m\u00e1s cercanas.<\/p>\n\n\n\n<p>El accidente tuvo lugar el jueves cerca de Lugano, al sur de Suiza, donde Alonso reside. El doble campe\u00f3n del mundo de F\u00f3rmula 1 fue atropellado por un auto.<\/p>\n\n\n\n<p>Su escuder\u00eda precis\u00f3 este viernes que el espa\u00f1ol hab\u00eda sido operado de la mand\u00edbula superior y que &#8220;el equipo m\u00e9dico que le sigue est\u00e1 satisfecho de sus progresos&#8221;.<\/p>\n\n\n\n<p>Alonso, campe\u00f3n del mundo en 2005 y en 2006 con Renault, debe hacer su regreso a la F1 este a\u00f1o, con Alpine, tras dos a\u00f1os sin participar en la competici\u00f3n reina del automovilismo.<\/p>\n\n\n\n<p>Durante este per\u00edodo, particip\u00f3 en el Mundial de resistencia (ganando las 24 Horas de Le Mans en 2018 y en 2019 y el t\u00edtulo mundial en 2018-2019), en las 500 Millas de Indian\u00e1polis o en el Dakar.<\/p>\n\n\n\n<p>A sus 39 a\u00f1os, Alonso ser\u00e1 uno de los dos veteranos de la F1 esta temporada, junto al finland\u00e9s Kimi R\u00e4ikk\u00f6nen (Alfa Romeo), de 41.&nbsp;<\/p>\n\n\n\n<p>El espa\u00f1ol logr\u00f3 32 victorias en grandes premios (la \u00faltima en 2013), para un total de 97 podios (el \u00faltimo en 2014).<\/p>\n","protected":false},"excerpt":{"rendered":"<p>AFP El piloto espa\u00f1ol de F\u00f3rmula 1 Fernando Alonso, operado de una fractura de la mand\u00edbula superior tras un accidente de bicicleta en Suiza, sali\u00f3&hellip; <\/p>\n","protected":false},"author":11,"featured_media":0,"comment_status":"closed","ping_status":"closed","sticky":false,"template":"","format":"standard","meta":{"footnotes":""},"categories":[30],"tags":[],"class_list":["post-17960","post","type-post","status-publish","format-standard","hentry","category-deportes"],"_links":{"self":[{"href":"https:\/\/megavision.com.sv\/web\/wp-json\/wp\/v2\/posts\/17960","targetHints":{"allow":["GET"]}}],"collection":[{"href":"https:\/\/megavision.com.sv\/web\/wp-json\/wp\/v2\/posts"}],"about":[{"href":"https:\/\/megavision.com.sv\/web\/wp-json\/wp\/v2\/types\/post"}],"author":[{"embeddable":true,"href":"https:\/\/megavision.com.sv\/web\/wp-json\/wp\/v2\/users\/11"}],"replies":[{"embeddable":true,"href":"https:\/\/megavision.com.sv\/web\/wp-json\/wp\/v2\/comments?post=17960"}],"version-history":[{"count":1,"href":"https:\/\/megavision.com.sv\/web\/wp-json\/wp\/v2\/posts\/17960\/revisions"}],"predecessor-version":[{"id":17962,"href":"https:\/\/megavision.com.sv\/web\/wp-json\/wp\/v2\/posts\/17960\/revisions\/17962"}],"wp:attachment":[{"href":"https:\/\/megavision.com.sv\/web\/wp-json\/wp\/v2\/media?parent=17960"}],"wp:term":[{"taxonomy":"category","embeddable":true,"href":"https:\/\/megavision.com.sv\/web\/wp-json\/wp\/v2\/categories?post=17960"},{"taxonomy":"post_tag","embeddable":true,"href":"https:\/\/megavision.com.sv\/web\/wp-json\/wp\/v2\/tags?post=17960"}],"curies":[{"name":"wp","href":"https:\/\/api.w.org\/{rel}","templated":true}]}}