{"id":17939,"date":"2021-02-14T08:43:00","date_gmt":"2021-02-14T14:43:00","guid":{"rendered":"https:\/\/megavision.com.sv\/?p=17939"},"modified":"2021-02-15T08:56:26","modified_gmt":"2021-02-15T14:56:26","slug":"fallece-el-expresidente-argentino-carlos-menem-a-los-90-anos","status":"publish","type":"post","link":"https:\/\/megavision.com.sv\/web\/fallece-el-expresidente-argentino-carlos-menem-a-los-90-anos\/","title":{"rendered":"Fallece el expresidente argentino Carlos Menem a los 90 a\u00f1os"},"content":{"rendered":"\n<p><em>AFP<\/em><\/p>\n\n\n\n<p>El expresidente argentino Carlos\u00a0Menem, que marc\u00f3 a su pa\u00eds con una pol\u00edtica econ\u00f3mica neoliberal en la d\u00e9cada de 1990, falleci\u00f3 este domingo en una cl\u00ednica de Buenos Aires a los 90 a\u00f1os de edad.<\/p>\n\n\n\n<p>&#8220;Con profundo pesar supe de la muerte de Carlos Sa\u00fal\u00a0Menem. Siempre elegido en democracia, fue gobernador de La Rioja, Presidente de la Naci\u00f3n y Senador Nacional. En dictadura fue perseguido y encarcelado. Vaya todo mi cari\u00f1o a (su primera esposa) Zulema, a (su hija) Zulemita y a todos los que hoy lo lloran&#8221;, escribi\u00f3 en Twitter el presidente Alberto Fern\u00e1ndez, de las filas peronistas al igual que el exmandatario.<\/p>\n\n\n\n<p>Por su fallecimiento se decretaron tres d\u00edas de duelo.<\/p>\n\n\n\n<p>&#8220;Estaba acompa\u00f1ado por toda la familia y se fue agarrado de la mano de mam\u00e1&#8221;, declar\u00f3 entre sollozos su hija Zulemita, a la salida del hospital.&nbsp;<\/p>\n\n\n\n<p>Menem\u00a0ser\u00e1 enterrado el lunes en el cementerio isl\u00e1mico de Buenos Aires junto a la tumba de su hijo Carlos, fallecido en 1995 en un accidente de helic\u00f3ptero nunca esclarecido.<\/p>\n\n\n\n<p>&#8220;Va a descansar en el cementerio isl\u00e1mico con mi hermano, a pesar de que \u00e9l profesaba la religi\u00f3n cat\u00f3lica, para estar con mi hermano&#8221;, dijo Zulemita.<\/p>\n\n\n\n<p>El velorio comenz\u00f3 la noche de este domingo en el Congreso, donde la vicepresidenta Cristina Kirchner, tambi\u00e9n presidenta del Senado, recibi\u00f3 a la familia y al f\u00e9retro, cubierto con la bandera argentina.<\/p>\n\n\n\n<p>Una hora m\u00e1s tarde, el presidente Fern\u00e1ndez, visiblemente conmovido, y la primera dama Fabiola Y\u00e1\u00f1ez se presentaron en el velorio y ofrecieron su p\u00e9same a la familia.<\/p>\n\n\n\n<p>Despu\u00e9s de eso, se abrieron las puertas para dejar pasar a los cientos de personas que hicieron fila fuera del Congreso, bajo una lluvia intermitente, para despedirlo.&nbsp;<\/p>\n\n\n\n<p>Menem, que era senador desde 2005, hab\u00eda sido hospitalizado varias veces en los \u00faltimos meses por diversas dolencias.\u00a0En esas ocasiones lo acompa\u00f1\u00f3 siempre su hija.<\/p>\n\n\n\n<p>El 29 de diciembre, no hab\u00eda podido participar en la votaci\u00f3n en el Senado sobre la ley del aborto en Argentina porque estaba ingresado.&nbsp;<\/p>\n\n\n\n<h2 class=\"wp-block-heading\">&#8211; Neoliberal &#8211;<\/h2>\n\n\n\n<p>Originario de la provincia de La Rioja,\u00a0Menem\u00a0gobern\u00f3 durante m\u00e1s de diez a\u00f1os consecutivos (1989-99), el periodo m\u00e1s largo de un presidente democr\u00e1tico en Argentina.<\/p>\n\n\n\n<p>&#8220;Ten\u00eda un carisma enorme&#8221;, evoc\u00f3 este domingo el presidente Fern\u00e1ndez, en una entrevista con el canal C5N.<\/p>\n\n\n\n<p>Con un programa neoliberal,\u00a0Menem\u00a0privatiz\u00f3 la mayor\u00eda de las empresas p\u00fablicas y dispuso un tipo de cambio en paridad con el d\u00f3lar, un esquema que gener\u00f3 s\u00fabita abundancia pero que explot\u00f3 en 2001, generando la peor crisis econ\u00f3mica en la historia del pa\u00eds.<\/p>\n\n\n\n<p>&#8220;No conoc\u00edamos al\u00a0Menem\u00a0neoliberal entonces, porque no fue tema de su campa\u00f1a (electoral)&#8221;, record\u00f3 Fern\u00e1ndez. &#8220;Hay que reconocerle su valor y su apoyo siempre a la democracia. Cuando vino la dictadura lo encarcel\u00f3 durante a\u00f1os&#8221;, destac\u00f3 el mandatario.<\/p>\n\n\n\n<p>El presidente chileno, Sebasti\u00e1n Pi\u00f1era, tambi\u00e9n le rindi\u00f3 homenaje. &#8220;Hoy muri\u00f3 el presidente Carlos\u00a0Menem, quien marc\u00f3 la d\u00e9cada de los 90 en Argentina y fue un buen amigo de Chile&#8221;, escribi\u00f3 en Twitter. &#8220;Mi solidaridad a su familia y al pueblo argentino y que Dios acoja su alma&#8221;.<\/p>\n\n\n\n<p>El gobierno de Brasil expres\u00f3 sus condolencias en una nota en la que destac\u00f3 su papel como presidente signatario del acuerdo de Mercosur en 1991.<\/p>\n\n\n\n<p>Antes de llegar a la presidencia,\u00a0Menem\u00a0gan\u00f3 la gobernaci\u00f3n de La Rioja, en dos ocasiones, la primera en 1973. Despojado de su cargo al ocurrir el golpe de Estado de 1976, estuvo detenido durante dos a\u00f1os.<\/p>\n\n\n\n<h2 class=\"wp-block-heading\">&#8211; Reelecci\u00f3n &#8211;<\/h2>\n\n\n\n<p>Hijo de inmigrantes sirios,\u00a0Menem\u00a0impuls\u00f3 la reforma de la Constituci\u00f3n en 1994, que introdujo la reelecci\u00f3n presidencial inmediata, adem\u00e1s de suprimir el requisito de profesar la religi\u00f3n cat\u00f3lica a quien ejerza la jefatura del Estado.<\/p>\n\n\n\n<p>Tambi\u00e9n indult\u00f3 a los m\u00e1ximos responsables de la \u00faltima dictadura (1976-1983) que hab\u00edan sido procesados y a&nbsp;miembros de organizaciones guerrilleras.<\/p>\n\n\n\n<p>Estuvo en prisi\u00f3n domiciliaria preventiva en 2001 por un juicio por contrabando de armas a Croacia y Ecuador, pero fue liberado semanas m\u00e1s tarde, por decisi\u00f3n de la Corte Suprema de Justicia, y posteriormente result\u00f3 absuelto por exceso de plazo en una causa que llev\u00f3 25 a\u00f1os.<\/p>\n\n\n\n<p>Los fueros le evitaron la c\u00e1rcel en los juicios en su contra, entre estos uno por encubrimiento del atentado contra la mutual jud\u00eda AMIA en 1994, que caus\u00f3 85 muertos.<\/p>\n\n\n\n<p>En 2019 recibi\u00f3 una nueva condena a tres a\u00f1os por peculado, sin cumplimiento de pena por su inmunidad como senador.<\/p>\n\n\n\n<p>El exmandatario se cas\u00f3 y se divorci\u00f3 dos veces, la primera con Zulema Yoma y la segunda con la ex Miss Universo chilena Cecilia Bolocco.<\/p>\n\n\n\n<p>Con Zulema tuvo dos hijos: Zulemita y Carlos. Con Bolocco tuvo a M\u00e1ximo. Tambi\u00e9n fue padre de Carlos Nair\u00a0Menem\u00a0Meza.<\/p>\n","protected":false},"excerpt":{"rendered":"<p>AFP El expresidente argentino Carlos\u00a0Menem, que marc\u00f3 a su pa\u00eds con una pol\u00edtica econ\u00f3mica neoliberal en la d\u00e9cada de 1990, falleci\u00f3 este domingo en una&hellip; <\/p>\n","protected":false},"author":11,"featured_media":0,"comment_status":"closed","ping_status":"closed","sticky":false,"template":"","format":"standard","meta":{"footnotes":""},"categories":[26],"tags":[],"class_list":["post-17939","post","type-post","status-publish","format-standard","hentry","category-noticias"],"_links":{"self":[{"href":"https:\/\/megavision.com.sv\/web\/wp-json\/wp\/v2\/posts\/17939","targetHints":{"allow":["GET"]}}],"collection":[{"href":"https:\/\/megavision.com.sv\/web\/wp-json\/wp\/v2\/posts"}],"about":[{"href":"https:\/\/megavision.com.sv\/web\/wp-json\/wp\/v2\/types\/post"}],"author":[{"embeddable":true,"href":"https:\/\/megavision.com.sv\/web\/wp-json\/wp\/v2\/users\/11"}],"replies":[{"embeddable":true,"href":"https:\/\/megavision.com.sv\/web\/wp-json\/wp\/v2\/comments?post=17939"}],"version-history":[{"count":1,"href":"https:\/\/megavision.com.sv\/web\/wp-json\/wp\/v2\/posts\/17939\/revisions"}],"predecessor-version":[{"id":17941,"href":"https:\/\/megavision.com.sv\/web\/wp-json\/wp\/v2\/posts\/17939\/revisions\/17941"}],"wp:attachment":[{"href":"https:\/\/megavision.com.sv\/web\/wp-json\/wp\/v2\/media?parent=17939"}],"wp:term":[{"taxonomy":"category","embeddable":true,"href":"https:\/\/megavision.com.sv\/web\/wp-json\/wp\/v2\/categories?post=17939"},{"taxonomy":"post_tag","embeddable":true,"href":"https:\/\/megavision.com.sv\/web\/wp-json\/wp\/v2\/tags?post=17939"}],"curies":[{"name":"wp","href":"https:\/\/api.w.org\/{rel}","templated":true}]}}