{"id":15005,"date":"2021-01-07T08:43:42","date_gmt":"2021-01-07T14:43:42","guid":{"rendered":"https:\/\/megavision.com.sv\/?p=15005"},"modified":"2021-01-07T08:43:42","modified_gmt":"2021-01-07T14:43:42","slug":"parlamentos-blanco-de-la-ira-popular-en-el-mundo","status":"publish","type":"post","link":"https:\/\/megavision.com.sv\/web\/parlamentos-blanco-de-la-ira-popular-en-el-mundo\/","title":{"rendered":"Parlamentos blanco de la ira popular en el mundo"},"content":{"rendered":"\n<p><em>AFP<\/em><\/p>\n\n\n\n<p>Antes de que el Capitolio fuera invadido el mi\u00e9rcoles por partidarios del presidente estadounidense saliente Donald Trump, varios parlamentos han sido recientemente blanco de la ira popular en todo el mundo:<\/p>\n\n\n\n<h2 class=\"wp-block-heading\">&#8211; Guatemala &#8211;&nbsp;<\/h2>\n\n\n\n<p>El 21 de noviembre de 2020, cientos de guatemaltecos incendian el parlamento para protestar contra el presupuesto 2021, en el mismo momento que manifestantes exigen la dimisi\u00f3n del presidente Alejandro Giammattei.<\/p>\n\n\n\n<h2 class=\"wp-block-heading\">&#8211; Armenia &#8211;<\/h2>\n\n\n\n<p>En la noche del 9 al 10 de noviembre, alborotadores -descontentos con la firma de un alto el fuego que marc\u00f3 una derrota de Armenia en Nagorno Karabaj-, invaden la sede del gobierno y el parlamento, a los que saquearon en parte.<\/p>\n\n\n\n<h2 class=\"wp-block-heading\">&#8211; Kirguist\u00e1n &#8211;<\/h2>\n\n\n\n<p>El 6 de octubre de 2020, en Kirguist\u00e1n, manifestantes antigubernamentales irrumpen en el edificio del parlamento y la administraci\u00f3n presidencial, desafiando los resultados de las elecciones parlamentarias.&nbsp;&nbsp;<\/p>\n\n\n\n<p>Liberan de prisi\u00f3n a varios pol\u00edticos, entre ellos al l\u00edder nacionalista y populista Sadyr Japarov, ahora favorito de la elecci\u00f3n presidencial prevista para este domingo.<\/p>\n\n\n\n<h2 class=\"wp-block-heading\">&#8211; Alemania &#8211;<\/h2>\n\n\n\n<p>El 29 de agosto de 2020, varios centenares de manifestantes &#8220;antim\u00e1scaras&#8221; intentan penetrar por la fuerza en el edificio del Reichstag, sede del parlamento alem\u00e1n, pero son bloqueados por las fuerzas del orden.<\/p>\n\n\n\n<p>Las im\u00e1genes conmueven a Alemania, donde el Reichstag hab\u00eda sido incendiado en 1933 por los nazis.<\/p>\n\n\n\n<h2 class=\"wp-block-heading\">&#8211; L\u00edbano &#8211;<\/h2>\n\n\n\n<p>El 8 de agosto de 2020, cuatro d\u00edas despu\u00e9s de una doble explosi\u00f3n que devast\u00f3 Beirut, miles de manifestantes enfurecidos asaltan brevemente varios ministerios.<\/p>\n\n\n\n<p>Grupos de manifestantes intentan cruzar las barreras de seguridad que protegen al parlamento.&nbsp;Estallan enfrentamientos entre las fuerzas del orden y los manifestantes.<\/p>\n\n\n\n<h2 class=\"wp-block-heading\">&#8211; Mal\u00ed &#8211;<\/h2>\n\n\n\n<p>El 10 de julio de 2020 en Mal\u00ed, sacudido desde hace varios meses por una protesta antigubernamental, una manifestaci\u00f3n contra el presidente Ibrahim Boubacar Keita (IBK) en Bamako degenera, con al menos un muerto, 20 heridos y ataques de edificios p\u00fablicos, incluida la asamblea nacional.<\/p>\n\n\n\n<p>&#8220;IBK&#8221; ser\u00e1 derrocado por un golpe militar el 18 de agosto.<\/p>\n\n\n\n<h2 class=\"wp-block-heading\">&#8211; Serbia &#8211;<\/h2>\n\n\n\n<p>En julio de 2020, Serbia experimenta varios d\u00edas de manifestaciones violentas tras el anuncio de la reinstauraci\u00f3n de un toque de queda contra el coronavirus.&nbsp;<\/p>\n\n\n\n<p>En varias ocasiones, un grupo de manifestantes entra por la fuerza en el parlamento.<\/p>\n\n\n\n<h2 class=\"wp-block-heading\">&#8211; Hong Kong &#8211;<\/h2>\n\n\n\n<p>El 1 de julio de 2019, manifestantes anti-P\u00e9kin ocupan y saquean durante varias horas el parlamento de Hong Kong, en el aniversario de la devoluci\u00f3n de la isla a China, en 1997.<\/p>\n\n\n\n<p>Este asalto rompe con el car\u00e1cter hasta ese momento ampliamente pac\u00edfico de varias semanas de manifestaciones, desencadenadas por un proyecto de ley sobre las extradiciones.<\/p>\n","protected":false},"excerpt":{"rendered":"<p>AFP Antes de que el Capitolio fuera invadido el mi\u00e9rcoles por partidarios del presidente estadounidense saliente Donald Trump, varios parlamentos han sido recientemente blanco de&hellip; <\/p>\n","protected":false},"author":11,"featured_media":0,"comment_status":"closed","ping_status":"closed","sticky":false,"template":"","format":"standard","meta":{"footnotes":""},"categories":[26],"tags":[],"class_list":["post-15005","post","type-post","status-publish","format-standard","hentry","category-noticias"],"_links":{"self":[{"href":"https:\/\/megavision.com.sv\/web\/wp-json\/wp\/v2\/posts\/15005","targetHints":{"allow":["GET"]}}],"collection":[{"href":"https:\/\/megavision.com.sv\/web\/wp-json\/wp\/v2\/posts"}],"about":[{"href":"https:\/\/megavision.com.sv\/web\/wp-json\/wp\/v2\/types\/post"}],"author":[{"embeddable":true,"href":"https:\/\/megavision.com.sv\/web\/wp-json\/wp\/v2\/users\/11"}],"replies":[{"embeddable":true,"href":"https:\/\/megavision.com.sv\/web\/wp-json\/wp\/v2\/comments?post=15005"}],"version-history":[{"count":1,"href":"https:\/\/megavision.com.sv\/web\/wp-json\/wp\/v2\/posts\/15005\/revisions"}],"predecessor-version":[{"id":15007,"href":"https:\/\/megavision.com.sv\/web\/wp-json\/wp\/v2\/posts\/15005\/revisions\/15007"}],"wp:attachment":[{"href":"https:\/\/megavision.com.sv\/web\/wp-json\/wp\/v2\/media?parent=15005"}],"wp:term":[{"taxonomy":"category","embeddable":true,"href":"https:\/\/megavision.com.sv\/web\/wp-json\/wp\/v2\/categories?post=15005"},{"taxonomy":"post_tag","embeddable":true,"href":"https:\/\/megavision.com.sv\/web\/wp-json\/wp\/v2\/tags?post=15005"}],"curies":[{"name":"wp","href":"https:\/\/api.w.org\/{rel}","templated":true}]}}