{"id":15002,"date":"2021-01-07T08:29:01","date_gmt":"2021-01-07T14:29:01","guid":{"rendered":"https:\/\/megavision.com.sv\/?p=15002"},"modified":"2021-01-07T08:29:02","modified_gmt":"2021-01-07T14:29:02","slug":"karim-benzema-sera-juzgado-por-caso-de-chantaje-por-video-sexual","status":"publish","type":"post","link":"https:\/\/megavision.com.sv\/web\/karim-benzema-sera-juzgado-por-caso-de-chantaje-por-video-sexual\/","title":{"rendered":"Karim Benzema ser\u00e1 juzgado por caso de chantaje por video sexual"},"content":{"rendered":"\n<p><em>AFP<\/em><\/p>\n\n\n\n<p>El delantero franc\u00e9s del Real Madrid Karim Benzema ser\u00e1 juzgado por &#8220;complicidad en intento de chantaje&#8221; en 2015 por un video de contenido sexual del futbolista tambi\u00e9n franc\u00e9s Mathieu Valbuena, anunci\u00f3 este jueves a la AFP la fiscal\u00eda de Versalles.<\/p>\n\n\n\n<p>Benzema ser\u00e1 juzgado por haber incitado presuntamente a su antiguo compa\u00f1ero en la selecci\u00f3n francesa a pagar a los extorsionadores que amenazaban con hacer p\u00fablico un video \u00edntimo de Valbuena.<\/p>\n\n\n\n<p>Otros cuatro hombres est\u00e1n implicados en el caso por intento de chantaje y uno de ellos tambi\u00e9n por abuso de confianza.<\/p>\n\n\n\n<p>&#8220;Desgraciadamente no estamos sorprendidos. Se trata de una decisi\u00f3n tan absurda como previsible&#8221;, reaccion\u00f3 el abogado de Benzema Sylvain Cormier, quien denunci\u00f3 un &nbsp;&#8220;ensa\u00f1amiento&#8221; contra su cliente.<\/p>\n\n\n\n<p>Cuando en octubre de 2015 la selecci\u00f3n francesa preparaba un amistoso contra Armenia, Benzema evoc\u00f3 ante Valbuena la existencia de un video con im\u00e1genes \u00edntimas de este \u00faltimo.<\/p>\n\n\n\n<p>Para el jugador del Real Madrid se trataba de una conversaci\u00f3n amistosa con el objetivo de avisar a su compa\u00f1ero.<\/p>\n\n\n\n<p>Benzema, de 33 a\u00f1os, no es convocado por los &#8216;Bleus&#8217; desde que el caso sali\u00f3 a la luz.<\/p>\n\n\n\n<p>El delantero, que suma 261 goles con el Real Madrid desde su llegada al club blanco en 2009, sostiene que un oficial de polic\u00eda utiliz\u00f3 m\u00e9todos ilegales para involucrarlo en el caso.<\/p>\n\n\n\n<p>Valbuena, que juega en la actualidad en el Olympiakos griego, dio aviso a la polic\u00eda luego de recibir una llamada de uno de los chantajistas en la que le amenazaba con publicar el video.<\/p>\n","protected":false},"excerpt":{"rendered":"<p>AFP El delantero franc\u00e9s del Real Madrid Karim Benzema ser\u00e1 juzgado por &#8220;complicidad en intento de chantaje&#8221; en 2015 por un video de contenido sexual&hellip; <\/p>\n","protected":false},"author":11,"featured_media":0,"comment_status":"closed","ping_status":"closed","sticky":false,"template":"","format":"standard","meta":{"footnotes":""},"categories":[30],"tags":[],"class_list":["post-15002","post","type-post","status-publish","format-standard","hentry","category-deportes"],"_links":{"self":[{"href":"https:\/\/megavision.com.sv\/web\/wp-json\/wp\/v2\/posts\/15002","targetHints":{"allow":["GET"]}}],"collection":[{"href":"https:\/\/megavision.com.sv\/web\/wp-json\/wp\/v2\/posts"}],"about":[{"href":"https:\/\/megavision.com.sv\/web\/wp-json\/wp\/v2\/types\/post"}],"author":[{"embeddable":true,"href":"https:\/\/megavision.com.sv\/web\/wp-json\/wp\/v2\/users\/11"}],"replies":[{"embeddable":true,"href":"https:\/\/megavision.com.sv\/web\/wp-json\/wp\/v2\/comments?post=15002"}],"version-history":[{"count":1,"href":"https:\/\/megavision.com.sv\/web\/wp-json\/wp\/v2\/posts\/15002\/revisions"}],"predecessor-version":[{"id":15004,"href":"https:\/\/megavision.com.sv\/web\/wp-json\/wp\/v2\/posts\/15002\/revisions\/15004"}],"wp:attachment":[{"href":"https:\/\/megavision.com.sv\/web\/wp-json\/wp\/v2\/media?parent=15002"}],"wp:term":[{"taxonomy":"category","embeddable":true,"href":"https:\/\/megavision.com.sv\/web\/wp-json\/wp\/v2\/categories?post=15002"},{"taxonomy":"post_tag","embeddable":true,"href":"https:\/\/megavision.com.sv\/web\/wp-json\/wp\/v2\/tags?post=15002"}],"curies":[{"name":"wp","href":"https:\/\/api.w.org\/{rel}","templated":true}]}}