{"id":14756,"date":"2021-01-04T14:37:45","date_gmt":"2021-01-04T20:37:45","guid":{"rendered":"https:\/\/megavision.com.sv\/?p=14756"},"modified":"2021-01-05T10:28:57","modified_gmt":"2021-01-05T16:28:57","slug":"alicia-miranda-duke-tenemos-que-visualizar-la-clase-de-asamblea-que-queremos-tener-se-necesita-de-una-asamblea-nueva-y-capaz-de-responder-a-los-desafios-politicos-y-sociales-del-pais","status":"publish","type":"post","link":"https:\/\/megavision.com.sv\/web\/alicia-miranda-duke-tenemos-que-visualizar-la-clase-de-asamblea-que-queremos-tener-se-necesita-de-una-asamblea-nueva-y-capaz-de-responder-a-los-desafios-politicos-y-sociales-del-pais\/","title":{"rendered":"Alicia Miranda Duke: \u201cTenemos que visualizar la clase de Asamblea que queremos tener. Se necesita de una Asamblea nueva y capaz de responder a los desaf\u00edos pol\u00edticos y sociales del pa\u00eds\u201d"},"content":{"rendered":"\n<p>Este lunes, en la primera parte de<strong> Di\u00e1logo con Ernesto L\u00f3pez<\/strong> conversamos sobre: Evaluaci\u00f3n trabajo legislativo 2020; Relaciones entre poderes del Estado; Opini\u00f3n sobre proyecto de cambios a la Constituci\u00f3n; Iniciativas individuales de trabajo legislativo.<\/p>\n\n\n\n<p>Con las candidatas a diputadas por el partido Nuestro Tiempo: <\/p>\n\n\n\n<ul class=\"wp-block-list\"><li>Aida Betancourt<\/li><li>Alicia Miranda <\/li><li>Claudia Valenzuela<\/li><\/ul>\n\n\n\n<p>En la segunda parte del programa conversamos sobre: Estad\u00edstica de accidentes de tr\u00e1nsito y lesionados durante la temporada de fin de a\u00f1o; Resultado de operativos contra conductores peligrosos; Distribuci\u00f3n de kits con medicamentos a pacientes con Covid-19.<\/p>\n\n\n\n<p>Invitado:<\/p>\n\n\n\n<ul class=\"wp-block-list\"><li>Sa\u00fal Castelar, Viceministro de Transporte de la Rep\u00fablica de El Salvador<\/li><\/ul>\n\n\n\n<p>M\u00e1s de la entrevista, en el siguiente video:<\/p>\n\n\n\n<figure><iframe loading=\"lazy\" width=\"560\" height=\"315\" src=\"https:\/\/www.youtube.com\/embed\/abgCDdrWQnA\" allowfullscreen=\"\"><\/iframe><\/figure>\n","protected":false},"excerpt":{"rendered":"<p>Este lunes, en la primera parte de Di\u00e1logo con Ernesto L\u00f3pez conversamos sobre: Evaluaci\u00f3n trabajo legislativo 2020; Relaciones entre poderes del Estado; Opini\u00f3n sobre proyecto&hellip; <\/p>\n","protected":false},"author":11,"featured_media":0,"comment_status":"closed","ping_status":"closed","sticky":false,"template":"","format":"standard","meta":{"footnotes":""},"categories":[27],"tags":[],"class_list":["post-14756","post","type-post","status-publish","format-standard","hentry","category-entrevista"],"_links":{"self":[{"href":"https:\/\/megavision.com.sv\/web\/wp-json\/wp\/v2\/posts\/14756","targetHints":{"allow":["GET"]}}],"collection":[{"href":"https:\/\/megavision.com.sv\/web\/wp-json\/wp\/v2\/posts"}],"about":[{"href":"https:\/\/megavision.com.sv\/web\/wp-json\/wp\/v2\/types\/post"}],"author":[{"embeddable":true,"href":"https:\/\/megavision.com.sv\/web\/wp-json\/wp\/v2\/users\/11"}],"replies":[{"embeddable":true,"href":"https:\/\/megavision.com.sv\/web\/wp-json\/wp\/v2\/comments?post=14756"}],"version-history":[{"count":4,"href":"https:\/\/megavision.com.sv\/web\/wp-json\/wp\/v2\/posts\/14756\/revisions"}],"predecessor-version":[{"id":14828,"href":"https:\/\/megavision.com.sv\/web\/wp-json\/wp\/v2\/posts\/14756\/revisions\/14828"}],"wp:attachment":[{"href":"https:\/\/megavision.com.sv\/web\/wp-json\/wp\/v2\/media?parent=14756"}],"wp:term":[{"taxonomy":"category","embeddable":true,"href":"https:\/\/megavision.com.sv\/web\/wp-json\/wp\/v2\/categories?post=14756"},{"taxonomy":"post_tag","embeddable":true,"href":"https:\/\/megavision.com.sv\/web\/wp-json\/wp\/v2\/tags?post=14756"}],"curies":[{"name":"wp","href":"https:\/\/api.w.org\/{rel}","templated":true}]}}