{"id":103198,"date":"2026-09-03T11:05:00","date_gmt":"2026-09-03T17:05:00","guid":{"rendered":"https:\/\/megavision.com.sv\/web\/?p=103198"},"modified":"2026-09-03T11:05:00","modified_gmt":"2026-09-03T17:05:00","slug":"pandillero-de-la-ms-es-condenado-a-75-anos-de-carcel-por-homicidio-de-estudiante","status":"publish","type":"post","link":"https:\/\/megavision.com.sv\/web\/pandillero-de-la-ms-es-condenado-a-75-anos-de-carcel-por-homicidio-de-estudiante\/","title":{"rendered":"Pandillero de la MS es condenado a 75 a\u00f1os de c\u00e1rcel por homicidio de estudiante"},"content":{"rendered":"\n<p class=\"wp-block-paragraph\">Redacci\u00f3n TNM<\/p>\n\n\n\n<h3 class=\"wp-block-heading\"><em>Carlos Eduardo Recinos Rodr\u00edguez fue sentenciado por homicidio y organizaciones terroristas tras participar en el asesinato de un estudiante de la Academia Nacional de Seguridad P\u00fablica en 2017<\/em><\/h3>\n\n\n\n<p class=\"wp-block-paragraph\">La Fiscal\u00eda General de la Rep\u00fablica (FGR) inform\u00f3 que Carlos Eduardo Recinos Rodr\u00edguez, integrante de la MS, fue condenado a <strong>75 a\u00f1os de prisi\u00f3n<\/strong> por el homicidio de un alumno de la Academia Nacional de Seguridad P\u00fablica (ANSP) y por el delito de organizaciones terroristas.<\/p>\n\n\n\n<p class=\"wp-block-paragraph\">Seg\u00fan las investigaciones, Recinos Rodr\u00edguez y otros miembros de la estructura criminal enga\u00f1aron a la v\u00edctima para trasladarla desde el centro de Ahuachap\u00e1n hacia una zona rural del departamento. Una vez en el lugar, lo asesinaron con armas blancas, debido a que sospechaban que pertenec\u00eda al Barrio 18.<\/p>\n\n\n\n<p class=\"wp-block-paragraph\">Tras cometer el crimen, los pandilleros intentaron ocultar el cuerpo, pero desistieron debido a la presencia de autoridades que custodiaban la zona. Finalmente, dejaron el cad\u00e1ver abandonado.<\/p>\n\n\n\n<p class=\"wp-block-paragraph\">El homicidio ocurri\u00f3 en <strong>noviembre de 2017<\/strong> y, tras el proceso judicial, el <strong>Tribunal Tercero Contra el Crimen Organizado de Santa Ana<\/strong> impuso la condena de 75 a\u00f1os de prisi\u00f3n.<\/p>\n","protected":false},"excerpt":{"rendered":"<p>Redacci\u00f3n TNM Carlos Eduardo Recinos Rodr\u00edguez fue sentenciado por homicidio y organizaciones terroristas tras participar en el asesinato de un estudiante de la Academia Nacional&hellip; <\/p>\n","protected":false},"author":12,"featured_media":103199,"comment_status":"closed","ping_status":"closed","sticky":false,"template":"","format":"standard","meta":{"footnotes":""},"categories":[1,26],"tags":[7821,9244],"class_list":["post-103198","post","type-post","status-publish","format-standard","has-post-thumbnail","hentry","category-destacados","category-noticias","tag-homicidio-agravado","tag-organizaciones-terroristas"],"_links":{"self":[{"href":"https:\/\/megavision.com.sv\/web\/wp-json\/wp\/v2\/posts\/103198","targetHints":{"allow":["GET"]}}],"collection":[{"href":"https:\/\/megavision.com.sv\/web\/wp-json\/wp\/v2\/posts"}],"about":[{"href":"https:\/\/megavision.com.sv\/web\/wp-json\/wp\/v2\/types\/post"}],"author":[{"embeddable":true,"href":"https:\/\/megavision.com.sv\/web\/wp-json\/wp\/v2\/users\/12"}],"replies":[{"embeddable":true,"href":"https:\/\/megavision.com.sv\/web\/wp-json\/wp\/v2\/comments?post=103198"}],"version-history":[{"count":1,"href":"https:\/\/megavision.com.sv\/web\/wp-json\/wp\/v2\/posts\/103198\/revisions"}],"predecessor-version":[{"id":103200,"href":"https:\/\/megavision.com.sv\/web\/wp-json\/wp\/v2\/posts\/103198\/revisions\/103200"}],"wp:featuredmedia":[{"embeddable":true,"href":"https:\/\/megavision.com.sv\/web\/wp-json\/wp\/v2\/media\/103199"}],"wp:attachment":[{"href":"https:\/\/megavision.com.sv\/web\/wp-json\/wp\/v2\/media?parent=103198"}],"wp:term":[{"taxonomy":"category","embeddable":true,"href":"https:\/\/megavision.com.sv\/web\/wp-json\/wp\/v2\/categories?post=103198"},{"taxonomy":"post_tag","embeddable":true,"href":"https:\/\/megavision.com.sv\/web\/wp-json\/wp\/v2\/tags?post=103198"}],"curies":[{"name":"wp","href":"https:\/\/api.w.org\/{rel}","templated":true}]}}