{"id":103168,"date":"2026-09-02T11:25:22","date_gmt":"2026-09-02T17:25:22","guid":{"rendered":"https:\/\/megavision.com.sv\/web\/?p=103168"},"modified":"2026-09-02T11:25:22","modified_gmt":"2026-09-02T17:25:22","slug":"expertos-llaman-a-evitar-la-politizacion-del-tps-y-piden-esperar-una-posible-prorroga","status":"publish","type":"post","link":"https:\/\/megavision.com.sv\/web\/expertos-llaman-a-evitar-la-politizacion-del-tps-y-piden-esperar-una-posible-prorroga\/","title":{"rendered":"Expertos llaman a evitar la politizaci\u00f3n del TPS y piden esperar una posible pr\u00f3rroga"},"content":{"rendered":"\n<p class=\"wp-block-paragraph\">A una semana de que venza el Estatus de Protecci\u00f3n Temporal (TPS) para miles de salvadore\u00f1os en Estados Unidos, expertos en temas migratorios y analistas pol\u00edticos consideran que el futuro del programa debe abordarse principalmente como un asunto humanitario y no como una disputa electoral. El experto en migraci\u00f3n C\u00e9sar R\u00edos, sostuvo que \u201cel TPS dej\u00f3 de ser humanitario y se convirti\u00f3 en una herramienta pol\u00edtica\u201d, aunque recalc\u00f3 que para los salvadore\u00f1os contin\u00faa siendo un tema familiar y humano.<\/p>\n\n\n\n<blockquote class=\"twitter-tweet\"><p lang=\"es\" dir=\"ltr\"><a href=\"https:\/\/x.com\/hashtag\/Di%C3%A1logo21?src=hash&amp;ref_src=twsrc%5Etfw\">#Di\u00e1logo21<\/a> | \u201cEl TPS dej\u00f3 de ser humanitario y se convirti\u00f3 en una herramienta pol\u00edtica. Para Estados Unidos es un tema pol\u00edtico, pero para nosotros es un tema humanitario, porque siguen siendo parte de las entra\u00f1as de nuestras familias. Llevar el TPS a escenarios electorales,\u2026 <a href=\"https:\/\/t.co\/ZHd3sHuZvs\">pic.twitter.com\/ZHd3sHuZvs<\/a><\/p>&mdash; Di\u00e1logo &#8211; GMV (@dialogo21) <a href=\"https:\/\/x.com\/dialogo21\/status\/2095141596819767555?ref_src=twsrc%5Etfw\">September 2, 2026<\/a><\/blockquote> <script async src=\"https:\/\/platform.x.com\/widgets.js\" charset=\"utf-8\"><\/script>\n\n\n\n<p class=\"wp-block-paragraph\">R\u00edos tambi\u00e9n se\u00f1al\u00f3 que en los pr\u00f3ximos d\u00edas podr\u00edan darse tres anuncios relevantes: una eventual cancelaci\u00f3n o continuidad del TPS, las alternativas migratorias disponibles y un mensaje del presidente Nayib Bukele. En ese contexto, Romeo Auerbach consider\u00f3 que la falta de un pronunciamiento de Estados Unidos puede interpretarse como una se\u00f1al de que se eval\u00faa una pr\u00f3rroga. \u201cTengamos fe en estos siete d\u00edas; si no se pronuncia, ustedes van a tener seis meses m\u00e1s\u201d, expres\u00f3.<\/p>\n\n\n\n<blockquote class=\"twitter-tweet\"><p lang=\"es\" dir=\"ltr\"><a href=\"https:\/\/x.com\/hashtag\/Di%C3%A1logo21?src=hash&amp;ref_src=twsrc%5Etfw\">#Di\u00e1logo21<\/a> | \u201cEl mensaje de tranquilidad para los hermanos que nos ven es que, si el Gobierno de Estados Unidos no se ha pronunciado a siete d\u00edas de que venza el TPS, cuando debi\u00f3 hacerlo 60 d\u00edas antes, entendamos las se\u00f1ales. Tengamos fe en estos siete d\u00edas; si no se pronuncia,\u2026 <a href=\"https:\/\/t.co\/nL8Sg0TVa8\">pic.twitter.com\/nL8Sg0TVa8<\/a><\/p>&mdash; Di\u00e1logo &#8211; GMV (@dialogo21) <a href=\"https:\/\/x.com\/dialogo21\/status\/2095193727413145684?ref_src=twsrc%5Etfw\">September 2, 2026<\/a><\/blockquote> <script async src=\"https:\/\/platform.x.com\/widgets.js\" charset=\"utf-8\"><\/script>\n\n\n\n<p class=\"wp-block-paragraph\">Los especialistas tambi\u00e9n pidieron evitar el uso pol\u00edtico del TPS. Auerbach afirm\u00f3 que si la oposici\u00f3n considera que una eventual cancelaci\u00f3n afectar\u00eda pol\u00edticamente a Bukele, \u201cd\u00e9jenme decirles una mala noticia: no va a ser as\u00ed\u201d. Agreg\u00f3 que el TPS es un problema humano y cuestion\u00f3 que se utilice como un asunto electoral. Por su parte, \u00d3scar D\u00edaz indic\u00f3 que el Gobierno podr\u00eda activar mecanismos mediante los consulados y la embajada en Washington para brindar asesor\u00eda legal y ayudar a los beneficiarios a identificar posibles alternativas migratorias.<\/p>\n\n\n\n<p class=\"wp-block-paragraph\">Uno de los principales temores entre los beneficiarios es perder el permiso de trabajo, ya que, seg\u00fan D\u00edaz, \u201csi no se renueva, autom\u00e1ticamente muchos van a perder su empleo\u201d. Los expertos recomendaron a los salvadore\u00f1os evitar la desinformaci\u00f3n en redes sociales, consultar fuentes oficiales y acudir a asesor\u00eda legal con documentaci\u00f3n que pueda respaldar otras v\u00edas migratorias. D\u00edaz tambi\u00e9n se\u00f1al\u00f3 que algunos beneficiarios podr\u00edan tener alternativas, como una petici\u00f3n migratoria por parte de un hijo ciudadano estadounidense mayor de 21 a\u00f1os.<\/p>\n\n\n\n<blockquote class=\"twitter-tweet\" data-media-max-width=\"560\"><p lang=\"es\" dir=\"ltr\"><a href=\"https:\/\/x.com\/hashtag\/Di%C3%A1logo21?src=hash&amp;ref_src=twsrc%5Etfw\">#Di\u00e1logo21<\/a> | \u201cLo m\u00e1s importante para la gran mayor\u00eda de los beneficiarios del TPS es no perder el permiso de trabajo. Si no se renueva, autom\u00e1ticamente muchos van a perder su empleo\u201d, explic\u00f3 el experto en temas migratorios \u00d3scar D\u00edaz. <a href=\"https:\/\/t.co\/sUzHAuexov\">pic.twitter.com\/sUzHAuexov<\/a><\/p>&mdash; Di\u00e1logo &#8211; GMV (@dialogo21) <a href=\"https:\/\/x.com\/dialogo21\/status\/2095172793432236117?ref_src=twsrc%5Etfw\">September 2, 2026<\/a><\/blockquote> <script async src=\"https:\/\/platform.x.com\/widgets.js\" charset=\"utf-8\"><\/script>\n","protected":false},"excerpt":{"rendered":"<p>A una semana de que venza el Estatus de Protecci\u00f3n Temporal (TPS) para miles de salvadore\u00f1os en Estados Unidos, expertos en temas migratorios y analistas&hellip; <\/p>\n","protected":false},"author":12,"featured_media":103169,"comment_status":"closed","ping_status":"closed","sticky":false,"template":"","format":"standard","meta":{"footnotes":""},"categories":[1,27],"tags":[],"class_list":["post-103168","post","type-post","status-publish","format-standard","has-post-thumbnail","hentry","category-destacados","category-entrevista"],"_links":{"self":[{"href":"https:\/\/megavision.com.sv\/web\/wp-json\/wp\/v2\/posts\/103168","targetHints":{"allow":["GET"]}}],"collection":[{"href":"https:\/\/megavision.com.sv\/web\/wp-json\/wp\/v2\/posts"}],"about":[{"href":"https:\/\/megavision.com.sv\/web\/wp-json\/wp\/v2\/types\/post"}],"author":[{"embeddable":true,"href":"https:\/\/megavision.com.sv\/web\/wp-json\/wp\/v2\/users\/12"}],"replies":[{"embeddable":true,"href":"https:\/\/megavision.com.sv\/web\/wp-json\/wp\/v2\/comments?post=103168"}],"version-history":[{"count":1,"href":"https:\/\/megavision.com.sv\/web\/wp-json\/wp\/v2\/posts\/103168\/revisions"}],"predecessor-version":[{"id":103170,"href":"https:\/\/megavision.com.sv\/web\/wp-json\/wp\/v2\/posts\/103168\/revisions\/103170"}],"wp:featuredmedia":[{"embeddable":true,"href":"https:\/\/megavision.com.sv\/web\/wp-json\/wp\/v2\/media\/103169"}],"wp:attachment":[{"href":"https:\/\/megavision.com.sv\/web\/wp-json\/wp\/v2\/media?parent=103168"}],"wp:term":[{"taxonomy":"category","embeddable":true,"href":"https:\/\/megavision.com.sv\/web\/wp-json\/wp\/v2\/categories?post=103168"},{"taxonomy":"post_tag","embeddable":true,"href":"https:\/\/megavision.com.sv\/web\/wp-json\/wp\/v2\/tags?post=103168"}],"curies":[{"name":"wp","href":"https:\/\/api.w.org\/{rel}","templated":true}]}}