{"id":103162,"date":"2026-09-02T10:12:20","date_gmt":"2026-09-02T16:12:20","guid":{"rendered":"https:\/\/megavision.com.sv\/web\/?p=103162"},"modified":"2026-09-02T10:12:20","modified_gmt":"2026-09-02T16:12:20","slug":"no-lo-dude-un-segundo-dice-enzo-fernandez-sobre-su-fichaje-por-el-city","status":"publish","type":"post","link":"https:\/\/megavision.com.sv\/web\/no-lo-dude-un-segundo-dice-enzo-fernandez-sobre-su-fichaje-por-el-city\/","title":{"rendered":"&#8220;No lo dud\u00e9 un segundo&#8221;, dice Enzo Fern\u00e1ndez sobre su fichaje por el City"},"content":{"rendered":"\n<p class=\"wp-block-paragraph\">AFP<\/p>\n\n\n\n<p class=\"wp-block-paragraph\">&#8220;No lo dud\u00e9 un segundo&#8221;, se\u00f1al\u00f3 el argentino Enzo Fern\u00e1ndez sobre el momento en el que el Manchester City le contact\u00f3, en su primera entrevista desde que se uni\u00f3 al club en un traspaso que iguala el r\u00e9cord brit\u00e1nico, 125 millones de libras (169 millones de d\u00f3lares).<\/p>\n\n\n\n<p class=\"wp-block-paragraph\">Enzo Fern\u00e1ndez concret\u00f3 su fichaje por el City procedente del Chelsea el martes, en el \u00faltimo d\u00eda del mercado de fichajes, llevando el gasto del club del norte de Inglaterra a m\u00e1s de 450 millones de libras (607 millones de d\u00f3lares), un r\u00e9cord de la Premier League para una sola ventana de traspasos.<\/p>\n\n\n\n<p class=\"wp-block-paragraph\">El jugador de 25 a\u00f1os se hab\u00eda incorporado al Chelsea desde el Benfica en enero de 2023 por una cifra que entonces fue r\u00e9cord en el f\u00fatbol brit\u00e1nico, 107 millones de libras (144 millones de d\u00f3lares).<\/p>\n\n\n\n<p class=\"wp-block-paragraph\">Su llegada al Etihad iguala los 125 millones de libras que el Liverpool pag\u00f3 por el sueco Alexander Isak el a\u00f1o pasado.<\/p>\n\n\n\n<p class=\"wp-block-paragraph\">Fern\u00e1ndez, expulsado en la derrota de Argentina por 1-0 ante Espa\u00f1a en la final del Mundial en julio, hab\u00eda sonado como posible fichaje del Real Madrid hace unos meses.<\/p>\n\n\n\n<p class=\"wp-block-paragraph\">En el City ser\u00e1 una pieza clave de su renovado centro del campo junto al ingl\u00e9s Elliot Anderson, que lleg\u00f3 procedente del Nottingham Forest por 116 millones de libras en julio.<\/p>\n\n\n\n<p class=\"wp-block-paragraph\">Fern\u00e1ndez, que ha firmado un contrato por cinco a\u00f1os, afirm\u00f3 que &#8220;siempre&#8221; ten\u00eda la ambici\u00f3n de &#8220;estar en un club tan grande como el City&#8221;, en declaraciones recogidas por el club.<\/p>\n\n\n\n<p class=\"wp-block-paragraph\">&#8220;Para ser sincero, desde el primer d\u00eda confiaron en m\u00ed y me llamaron para decirme que quer\u00edan que viniera al club, no lo dud\u00e9 ni un segundo&#8221;, a\u00f1adi\u00f3.<\/p>\n\n\n\n<p class=\"wp-block-paragraph\">&#8220;Es un club que ha ganado mucho en los \u00faltimos a\u00f1os. Es un club que est\u00e1 haciendo historia en el f\u00fatbol y, para m\u00ed, es un reto enorme&#8221;, continu\u00f3.<\/p>\n\n\n\n<p class=\"wp-block-paragraph\">Enzo Maresca entrena al City tras la marcha de Pep Guardiola y ha dirigido una importante reconstrucci\u00f3n despu\u00e9s de las sonadas salidas de Rodri, John Stones y Bernardo Silva.<\/p>\n\n\n\n<p class=\"wp-block-paragraph\">Fern\u00e1ndez, que gan\u00f3 el Mundial con Argentina en 2022, dijo que el City est\u00e1 construyendo un equipo &#8220;incre\u00edble&#8221;.<\/p>\n\n\n\n<p class=\"wp-block-paragraph\">A\u00f1adi\u00f3 que tiene muchas ganas de volver a trabajar con Maresca, que ya lo hab\u00eda entrenado en el Chelsea.<\/p>\n\n\n\n<p class=\"wp-block-paragraph\">&#8220;Es un entrenador superior, sinceramente&#8221;, dijo. &#8220;Lo tuve en mi anterior club. Fueron momentos incre\u00edbles. Aprend\u00ed much\u00edsimo con \u00e9l. Es muy parecido a la gente latina, muy apasionado&#8221;.<\/p>\n\n\n\n<p class=\"wp-block-paragraph\">&#8220;As\u00ed que es un placer trabajar con \u00e9l. Tambi\u00e9n estoy agradecido porque fue muy importante para traerme aqu\u00ed. As\u00ed que es un enorme placer para m\u00ed trabajar a su lado y disfrutarlo&#8221;, concluy\u00f3.<\/p>\n","protected":false},"excerpt":{"rendered":"<p>AFP &#8220;No lo dud\u00e9 un segundo&#8221;, se\u00f1al\u00f3 el argentino Enzo Fern\u00e1ndez sobre el momento en el que el Manchester City le contact\u00f3, en su primera&hellip; <\/p>\n","protected":false},"author":12,"featured_media":103163,"comment_status":"closed","ping_status":"closed","sticky":false,"template":"","format":"standard","meta":{"footnotes":""},"categories":[30,1],"tags":[7940,688],"class_list":["post-103162","post","type-post","status-publish","format-standard","has-post-thumbnail","hentry","category-deportes","category-destacados","tag-enzo-fernandez","tag-manchester-city"],"_links":{"self":[{"href":"https:\/\/megavision.com.sv\/web\/wp-json\/wp\/v2\/posts\/103162","targetHints":{"allow":["GET"]}}],"collection":[{"href":"https:\/\/megavision.com.sv\/web\/wp-json\/wp\/v2\/posts"}],"about":[{"href":"https:\/\/megavision.com.sv\/web\/wp-json\/wp\/v2\/types\/post"}],"author":[{"embeddable":true,"href":"https:\/\/megavision.com.sv\/web\/wp-json\/wp\/v2\/users\/12"}],"replies":[{"embeddable":true,"href":"https:\/\/megavision.com.sv\/web\/wp-json\/wp\/v2\/comments?post=103162"}],"version-history":[{"count":1,"href":"https:\/\/megavision.com.sv\/web\/wp-json\/wp\/v2\/posts\/103162\/revisions"}],"predecessor-version":[{"id":103164,"href":"https:\/\/megavision.com.sv\/web\/wp-json\/wp\/v2\/posts\/103162\/revisions\/103164"}],"wp:featuredmedia":[{"embeddable":true,"href":"https:\/\/megavision.com.sv\/web\/wp-json\/wp\/v2\/media\/103163"}],"wp:attachment":[{"href":"https:\/\/megavision.com.sv\/web\/wp-json\/wp\/v2\/media?parent=103162"}],"wp:term":[{"taxonomy":"category","embeddable":true,"href":"https:\/\/megavision.com.sv\/web\/wp-json\/wp\/v2\/categories?post=103162"},{"taxonomy":"post_tag","embeddable":true,"href":"https:\/\/megavision.com.sv\/web\/wp-json\/wp\/v2\/tags?post=103162"}],"curies":[{"name":"wp","href":"https:\/\/api.w.org\/{rel}","templated":true}]}}