{"id":103142,"date":"2026-09-01T11:01:15","date_gmt":"2026-09-01T17:01:15","guid":{"rendered":"https:\/\/megavision.com.sv\/web\/?p=103142"},"modified":"2026-09-01T11:01:15","modified_gmt":"2026-09-01T17:01:15","slug":"30-anos-de-carcel-para-cabecilla-y-cinco-pandilleros-de-la-ms-13","status":"publish","type":"post","link":"https:\/\/megavision.com.sv\/web\/30-anos-de-carcel-para-cabecilla-y-cinco-pandilleros-de-la-ms-13\/","title":{"rendered":"30 a\u00f1os de c\u00e1rcel para cabecilla y cinco pandilleros de la MS-13"},"content":{"rendered":"\n<p class=\"wp-block-paragraph\">Por William Santos<\/p>\n\n\n\n<h3 class=\"wp-block-heading\"><em>La FGR inform\u00f3 que los condenados delinquieron durante a\u00f1os en los alrededores del parque Infantil y que fueron capturados bajo el R\u00e9gimen de Excepci\u00f3n<\/em><\/h3>\n\n\n\n<p class=\"wp-block-paragraph\">Un cabecilla y cinco integrantes de la MS-13 fueron condenados a <strong>30 a\u00f1os de prisi\u00f3n cada uno<\/strong> por el delito de agrupaciones il\u00edcitas, inform\u00f3 la Fiscal\u00eda General de la Rep\u00fablica (FGR).<\/p>\n\n\n\n<figure class=\"wp-block-image size-full\"><img loading=\"lazy\" decoding=\"async\" width=\"1024\" height=\"630\" src=\"https:\/\/megavision.com.sv\/web\/wp-content\/uploads\/2026\/09\/Foto-para-pagina-web-2-2026-09-01T105630.521.png\" alt=\"\" class=\"wp-image-103143\" srcset=\"https:\/\/megavision.com.sv\/web\/wp-content\/uploads\/2026\/09\/Foto-para-pagina-web-2-2026-09-01T105630.521.png 1024w, https:\/\/megavision.com.sv\/web\/wp-content\/uploads\/2026\/09\/Foto-para-pagina-web-2-2026-09-01T105630.521-300x185.png 300w, https:\/\/megavision.com.sv\/web\/wp-content\/uploads\/2026\/09\/Foto-para-pagina-web-2-2026-09-01T105630.521-767x472.png 767w\" sizes=\"auto, (max-width: 1024px) 100vw, 1024px\" \/><\/figure>\n\n\n\n<p class=\"wp-block-paragraph\"><em>William Alexis Palacios Calder\u00f3n, Wilber Alexander Ascencio Cardoza y Jos\u00e9 Francisco Huezo Pe\u00f1a fueron condenados a 30 a\u00f1os de prisi\u00f3n por el delito de agrupaciones il\u00edcitas<\/em>.<\/p>\n\n\n\n<p class=\"wp-block-paragraph\"><\/p>\n\n\n\n<p class=\"wp-block-paragraph\">Seg\u00fan las investigaciones presentadas por la Fiscal\u00eda ante el Tribunal Cuarto contra el Crimen Organizado de San Salvador, los seis condenados operaban desde hace varios a\u00f1os en diferentes sectores de la capital, principalmente en los alrededores del parque Infantil.<\/p>\n\n\n\n<figure class=\"wp-block-image size-full\"><img loading=\"lazy\" decoding=\"async\" width=\"1024\" height=\"630\" src=\"https:\/\/megavision.com.sv\/web\/wp-content\/uploads\/2026\/09\/Foto-para-pagina-web-2-2026-09-01T105742.469.png\" alt=\"\" class=\"wp-image-103144\" srcset=\"https:\/\/megavision.com.sv\/web\/wp-content\/uploads\/2026\/09\/Foto-para-pagina-web-2-2026-09-01T105742.469.png 1024w, https:\/\/megavision.com.sv\/web\/wp-content\/uploads\/2026\/09\/Foto-para-pagina-web-2-2026-09-01T105742.469-300x185.png 300w, https:\/\/megavision.com.sv\/web\/wp-content\/uploads\/2026\/09\/Foto-para-pagina-web-2-2026-09-01T105742.469-767x472.png 767w\" sizes=\"auto, (max-width: 1024px) 100vw, 1024px\" \/><\/figure>\n\n\n\n<p class=\"wp-block-paragraph\"><em>La Fiscal\u00eda General de la Rep\u00fablica inform\u00f3 la condena de 30 a\u00f1os de prisi\u00f3n para Jorge Luis Cortez, Humberto Odemir Lemus y Cruz Ernesto Rivera S\u00e1nchez, por el delito de agrupaciones il\u00edcitas<\/em>.<\/p>\n\n\n\n<p class=\"wp-block-paragraph\"><\/p>\n\n\n\n<p class=\"wp-block-paragraph\">La FGR se\u00f1al\u00f3 que durante la audiencia \u00fanica present\u00f3 las pruebas con las que logr\u00f3 demostrar la participaci\u00f3n de los acusados en actividades delictivas.<\/p>\n\n\n\n<p class=\"wp-block-paragraph\">Los seis fueron capturados mediante las herramientas implementadas durante el R\u00e9gimen de Excepci\u00f3n. Adem\u00e1s, enfrentan otros procesos judiciales por diferentes delitos, por los que podr\u00edan recibir nuevas condenas.<\/p>\n","protected":false},"excerpt":{"rendered":"<p>Por William Santos La FGR inform\u00f3 que los condenados delinquieron durante a\u00f1os en los alrededores del parque Infantil y que fueron capturados bajo el R\u00e9gimen&hellip; <\/p>\n","protected":false},"author":12,"featured_media":85471,"comment_status":"closed","ping_status":"closed","sticky":false,"template":"","format":"standard","meta":{"footnotes":""},"categories":[1,26],"tags":[7857],"class_list":["post-103142","post","type-post","status-publish","format-standard","has-post-thumbnail","hentry","category-destacados","category-noticias","tag-ms13"],"_links":{"self":[{"href":"https:\/\/megavision.com.sv\/web\/wp-json\/wp\/v2\/posts\/103142","targetHints":{"allow":["GET"]}}],"collection":[{"href":"https:\/\/megavision.com.sv\/web\/wp-json\/wp\/v2\/posts"}],"about":[{"href":"https:\/\/megavision.com.sv\/web\/wp-json\/wp\/v2\/types\/post"}],"author":[{"embeddable":true,"href":"https:\/\/megavision.com.sv\/web\/wp-json\/wp\/v2\/users\/12"}],"replies":[{"embeddable":true,"href":"https:\/\/megavision.com.sv\/web\/wp-json\/wp\/v2\/comments?post=103142"}],"version-history":[{"count":1,"href":"https:\/\/megavision.com.sv\/web\/wp-json\/wp\/v2\/posts\/103142\/revisions"}],"predecessor-version":[{"id":103145,"href":"https:\/\/megavision.com.sv\/web\/wp-json\/wp\/v2\/posts\/103142\/revisions\/103145"}],"wp:featuredmedia":[{"embeddable":true,"href":"https:\/\/megavision.com.sv\/web\/wp-json\/wp\/v2\/media\/85471"}],"wp:attachment":[{"href":"https:\/\/megavision.com.sv\/web\/wp-json\/wp\/v2\/media?parent=103142"}],"wp:term":[{"taxonomy":"category","embeddable":true,"href":"https:\/\/megavision.com.sv\/web\/wp-json\/wp\/v2\/categories?post=103142"},{"taxonomy":"post_tag","embeddable":true,"href":"https:\/\/megavision.com.sv\/web\/wp-json\/wp\/v2\/tags?post=103142"}],"curies":[{"name":"wp","href":"https:\/\/api.w.org\/{rel}","templated":true}]}}