{"id":103139,"date":"2026-09-01T10:24:49","date_gmt":"2026-09-01T16:24:49","guid":{"rendered":"https:\/\/megavision.com.sv\/web\/?p=103139"},"modified":"2026-09-01T10:24:49","modified_gmt":"2026-09-01T16:24:49","slug":"mauricio-maravilla-advierte-que-la-oposicion-enfrenta-una-profunda-desconexion-con-la-poblacion","status":"publish","type":"post","link":"https:\/\/megavision.com.sv\/web\/mauricio-maravilla-advierte-que-la-oposicion-enfrenta-una-profunda-desconexion-con-la-poblacion\/","title":{"rendered":"Mauricio Maravilla advierte que la oposici\u00f3n enfrenta una profunda desconexi\u00f3n con la poblaci\u00f3n"},"content":{"rendered":"\n<p class=\"wp-block-paragraph\">De cara a las elecciones generales unificadas de 2027 en El Salvador, analista examina el impacto de las recientes reformas constitucionales. El abogado y docente universitario Mauricio Maravilla se\u00f1ala que la unificaci\u00f3n de los comicios legislativos y presidenciales responde a una estrategia electoral que busca <strong>capitalizar la alta popularidad del mandatario a favor de los candidatos a diputados oficiales<\/strong>, quienes enfrentan un desgaste natural en su respaldo popular dentro del territorio nacional.<\/p>\n\n\n\n<blockquote class=\"twitter-tweet\" data-media-max-width=\"560\"><p lang=\"es\" dir=\"ltr\"><a href=\"https:\/\/x.com\/hashtag\/Di%C3%A1logo21?src=hash&amp;ref_src=twsrc%5Etfw\">#Di\u00e1logo21<\/a> | \u201cLo que uno esperaba era que los diputados que la di\u00e1spora va a votar fueran personas relacionadas directamente con sus asuntos. Sin embargo, muchos candidatos son gente de ac\u00e1 que, de hecho, son funcionarios p\u00fablicos\u201d, se\u00f1al\u00f3 el abogado Mauricio Maravilla. <a href=\"https:\/\/t.co\/Cbm8jvvp7V\">pic.twitter.com\/Cbm8jvvp7V<\/a><\/p>&mdash; Di\u00e1logo &#8211; GMV (@dialogo21) <a href=\"https:\/\/x.com\/dialogo21\/status\/2094779131800031429?ref_src=twsrc%5Etfw\">September 1, 2026<\/a><\/blockquote> <script async src=\"https:\/\/platform.x.com\/widgets.js\" charset=\"utf-8\"><\/script>\n\n\n\n<p class=\"wp-block-paragraph\">La habilitaci\u00f3n de la circunscripci\u00f3n especial para el voto en el extranjero, que elegir\u00e1 entre seis y siete esca\u00f1os, a\u00f1ade un elemento clave a la contienda. Aunque inicialmente se proyect\u00f3 como un espacio para que l\u00edderes residentes en el exterior incidieran en las decisiones del pa\u00eds, Maravilla observa que <strong>la mayor\u00eda de los candidatos inscritos son funcionarios p\u00fablicos locales<\/strong> que habitan en El Salvador. Adem\u00e1s, explica que la marcada preferencia electoral hacia el oficialismo en el extranjero se ve influenciada por la alta difusi\u00f3n de contenidos favorables en plataformas digitales como YouTube, los cuales a menudo contrastan con los <strong>retos socioecon\u00f3micos que vive la poblaci\u00f3n local<\/strong>.<\/p>\n\n\n\n<p class=\"wp-block-paragraph\">En cuanto a la oposici\u00f3n tradicional, conformada por ARENA y el FMLN, el an\u00e1lisis describe un panorama complejo debido a su debilitada estructura organizativa tanto a nivel interno como internacional. Seg\u00fan el acad\u00e9mico, estas fuerzas pol\u00edticas han tenido dificultades hist\u00f3ricas para conectar de forma org\u00e1nica con las demandas ciudadanas, funcionando principalmente como <strong>maquinarias que se activan \u00fanicamente durante las temporadas electorales<\/strong>. Esta situaci\u00f3n reduce significativamente su capacidad de debate y balance frente al bloque mayoritario de la Asamblea Legislativa.<\/p>\n\n\n\n<blockquote class=\"twitter-tweet\" data-media-max-width=\"560\"><p lang=\"es\" dir=\"ltr\"><a href=\"https:\/\/x.com\/hashtag\/Di%C3%A1logo21?src=hash&amp;ref_src=twsrc%5Etfw\">#Di\u00e1logo21<\/a> | \u201cLas banderas de la oposici\u00f3n est\u00e1n tan desgastadas que dif\u00edcilmente la gente volver\u00e1 a votar por ellas\u201d, advirti\u00f3 el abogado <a href=\"https:\/\/x.com\/MaoMaravilla?ref_src=twsrc%5Etfw\">@MaoMaravilla<\/a>, quien adem\u00e1s se\u00f1al\u00f3 la incapacidad de estos partidos para conectar con la poblaci\u00f3n. <a href=\"https:\/\/t.co\/rH7fhSCrVl\">pic.twitter.com\/rH7fhSCrVl<\/a><\/p>&mdash; Di\u00e1logo &#8211; GMV (@dialogo21) <a href=\"https:\/\/x.com\/dialogo21\/status\/2094800679042686997?ref_src=twsrc%5Etfw\">September 1, 2026<\/a><\/blockquote> <script async src=\"https:\/\/platform.x.com\/widgets.js\" charset=\"utf-8\"><\/script>\n\n\n\n<p class=\"wp-block-paragraph\">Finalmente, el an\u00e1lisis pone el foco sobre el funcionamiento de las instituciones de control. Maravilla advierte que tras las reformas legislativas de 2021, <strong>los procesos constitucionales para el nombramiento y remoci\u00f3n de jueces en el \u00e1rea penal han perdido rigor<\/strong>, afectando la percepci\u00f3n de independencia judicial. A este reto se suma la necesidad de que el Tribunal Supremo Electoral garantice la transparencia y la solvencia inform\u00e1tica del proceso, especialmente tras <strong>el reemplazo de personal t\u00e9cnico calificado<\/strong> que operaba en elecciones anteriores.<\/p>\n\n\n\n<blockquote class=\"twitter-tweet\" data-media-max-width=\"560\"><p lang=\"es\" dir=\"ltr\"><a href=\"https:\/\/x.com\/hashtag\/Di%C3%A1logo21?src=hash&amp;ref_src=twsrc%5Etfw\">#Di\u00e1logo21<\/a> | \u201cNo hay jueces independientes si su puesto depende de una decisi\u00f3n. Si lo que decido hoy enoja a alguien, ma\u00f1ana puedo amanecer en otra sede judicial\u201d, advirti\u00f3 el abogado <a href=\"https:\/\/x.com\/MaoMaravilla?ref_src=twsrc%5Etfw\">@MaoMaravilla<\/a>. <a href=\"https:\/\/t.co\/hsq7b9a4DY\">pic.twitter.com\/hsq7b9a4DY<\/a><\/p>&mdash; Di\u00e1logo &#8211; GMV (@dialogo21) <a href=\"https:\/\/x.com\/dialogo21\/status\/2094798469256863748?ref_src=twsrc%5Etfw\">September 1, 2026<\/a><\/blockquote> <script async src=\"https:\/\/platform.x.com\/widgets.js\" charset=\"utf-8\"><\/script>\n","protected":false},"excerpt":{"rendered":"<p>De cara a las elecciones generales unificadas de 2027 en El Salvador, analista examina el impacto de las recientes reformas constitucionales. El abogado y docente&hellip; <\/p>\n","protected":false},"author":12,"featured_media":103140,"comment_status":"closed","ping_status":"closed","sticky":false,"template":"","format":"standard","meta":{"footnotes":""},"categories":[1,27],"tags":[],"class_list":["post-103139","post","type-post","status-publish","format-standard","has-post-thumbnail","hentry","category-destacados","category-entrevista"],"_links":{"self":[{"href":"https:\/\/megavision.com.sv\/web\/wp-json\/wp\/v2\/posts\/103139","targetHints":{"allow":["GET"]}}],"collection":[{"href":"https:\/\/megavision.com.sv\/web\/wp-json\/wp\/v2\/posts"}],"about":[{"href":"https:\/\/megavision.com.sv\/web\/wp-json\/wp\/v2\/types\/post"}],"author":[{"embeddable":true,"href":"https:\/\/megavision.com.sv\/web\/wp-json\/wp\/v2\/users\/12"}],"replies":[{"embeddable":true,"href":"https:\/\/megavision.com.sv\/web\/wp-json\/wp\/v2\/comments?post=103139"}],"version-history":[{"count":1,"href":"https:\/\/megavision.com.sv\/web\/wp-json\/wp\/v2\/posts\/103139\/revisions"}],"predecessor-version":[{"id":103141,"href":"https:\/\/megavision.com.sv\/web\/wp-json\/wp\/v2\/posts\/103139\/revisions\/103141"}],"wp:featuredmedia":[{"embeddable":true,"href":"https:\/\/megavision.com.sv\/web\/wp-json\/wp\/v2\/media\/103140"}],"wp:attachment":[{"href":"https:\/\/megavision.com.sv\/web\/wp-json\/wp\/v2\/media?parent=103139"}],"wp:term":[{"taxonomy":"category","embeddable":true,"href":"https:\/\/megavision.com.sv\/web\/wp-json\/wp\/v2\/categories?post=103139"},{"taxonomy":"post_tag","embeddable":true,"href":"https:\/\/megavision.com.sv\/web\/wp-json\/wp\/v2\/tags?post=103139"}],"curies":[{"name":"wp","href":"https:\/\/api.w.org\/{rel}","templated":true}]}}