{"id":103136,"date":"2026-09-01T09:47:44","date_gmt":"2026-09-01T15:47:44","guid":{"rendered":"https:\/\/megavision.com.sv\/web\/?p=103136"},"modified":"2026-09-01T09:47:44","modified_gmt":"2026-09-01T15:47:44","slug":"coche-bomba-contra-estacion-de-policia-de-colombia-deja-un-muerto-y-11-heridos","status":"publish","type":"post","link":"https:\/\/megavision.com.sv\/web\/coche-bomba-contra-estacion-de-policia-de-colombia-deja-un-muerto-y-11-heridos\/","title":{"rendered":"Coche bomba contra estaci\u00f3n de polic\u00eda de Colombia deja un muerto y 11 heridos"},"content":{"rendered":"\n<p class=\"wp-block-paragraph\">AFP<\/p>\n\n\n\n<p class=\"wp-block-paragraph\">Un coche bomba atribuido a la guerrilla del ELN dej\u00f3 un civil muerto y once heridos en Colombia en una demostraci\u00f3n de fuerza de los grupos armados, mientras el gobierno intensifica las operaciones para doblegar a los que llama &#8220;narcoterroristas&#8221;.<\/p>\n\n\n\n<p class=\"wp-block-paragraph\">El ataque presuntamente efectuado por el Ej\u00e9rcito de Liberaci\u00f3n Nacional (ELN) se produjo el mismo d\u00eda en que las fuerzas armadas colombianas llevaron a cabo el bombardeo m\u00e1s letal en a\u00f1os, con un saldo de 20 guerrilleros muertos en la Amazon\u00eda.<\/p>\n\n\n\n<p class=\"wp-block-paragraph\">El autom\u00f3vil explot\u00f3 el lunes cerca de la medianoche junto a una estaci\u00f3n de polic\u00eda del municipio Los Patios, cerca de la frontera con Venezuela, en momentos en que el pa\u00eds sufre la peor ola de violencia de la \u00faltima d\u00e9cada.<\/p>\n\n\n\n<p class=\"wp-block-paragraph\">El hombre fallecido ten\u00eda 23 a\u00f1os y era de nacionalidad venezolana, dijo a Caracol Radio el coronel Jimmy Belalc\u00e1zar, comandante de la polic\u00eda local que adjudic\u00f3 el atentado al ELN.<\/p>\n\n\n\n<p class=\"wp-block-paragraph\">Entre los heridos hay dos polic\u00edas. Uno de los uniformados tiene &#8220;mutilaci\u00f3n&#8221; de la pierna izquierda y otro fue afectado por las &#8220;esquirlas&#8221; del explosivo, a\u00f1adi\u00f3.<\/p>\n\n\n\n<p class=\"wp-block-paragraph\">Decenas de personas en motocicleta o a pie se deten\u00edan en la escena del atentado mientras el veh\u00edculo continuaba en llamas y rodeado de vidrios y muros rotos, seg\u00fan periodistas de la AFP.<\/p>\n\n\n\n<h2 class=\"wp-block-heading\">&#8211; &#8220;Perseguir con mano de hierro&#8221; &#8211;<\/h2>\n\n\n\n<p class=\"wp-block-paragraph\">Desde que lleg\u00f3 al poder el 7 de agosto, el presidente derechista Abelardo de la Espriella impone una l\u00ednea dura para enfrentar a los grupos armados con el apoyo del gobierno estadounidense de Donald Trump.<\/p>\n\n\n\n<p class=\"wp-block-paragraph\">&#8220;Vamos a perseguir con mano de hierro a quienes atenten contra los colombianos, hasta capturarlos, desmantelar sus estructuras y devolverles la tranquilidad a nuestras comunidades&#8221;, dijo De la Espriella en X.<\/p>\n\n\n\n<p class=\"wp-block-paragraph\">El bombardeo del ej\u00e9rcito el lunes fue el tercero en menos de un mes, mientras los grupos armados han amenazado al nuevo gobierno con responder a los ataques de las fuerzas de seguridad.<\/p>\n\n\n\n<p class=\"wp-block-paragraph\">&#8220;Donde los terroristas pretendan sembrar miedo, all\u00ed estar\u00e1 el Estado con toda su fuerza&#8221;, dijo el presidente que en sus primeras semanas de gobierno consigui\u00f3 abatir a al menos 38 guerrilleros.<\/p>\n\n\n\n<p class=\"wp-block-paragraph\">Organizaciones de derechos humanos alertan que estos ataques a\u00e9reos han dejado cuatro menores de edad muertos.<\/p>\n\n\n\n<p class=\"wp-block-paragraph\">Colombia es el mayor productor mundial de coca\u00edna, combustible de un conflicto armado que completa m\u00e1s de medio siglo.<\/p>\n\n\n\n<h2 class=\"wp-block-heading\">&#8211; &#8220;Miedo&#8221; &#8211;<\/h2>\n\n\n\n<p class=\"wp-block-paragraph\">En los \u00faltimos a\u00f1os las guerrillas y carteles del pa\u00eds se han fortalecido con las rentas del narcotr\u00e1fico, la miner\u00eda ilegal y otros delitos.<\/p>\n\n\n\n<p class=\"wp-block-paragraph\">Las recientes elecciones estuvieron marcadas por la violencia pol\u00edtica y un recrudecimiento del conflicto armado con bombas, drones explosivos y numerosos atentados contra la fuerza p\u00fablica.<\/p>\n\n\n\n<p class=\"wp-block-paragraph\">El coche usado en el ataque del ELN llevaba aproximadamente 80 kilos de explosivos y fue detonado de manera remota, seg\u00fan la polic\u00eda. Se trataba de un autom\u00f3vil robado, cuyo color fue modificado para simular un taxi.<\/p>\n\n\n\n<p class=\"wp-block-paragraph\">El ELN, con m\u00e1s de 60 a\u00f1os de actividad, sostuvo negociaciones de paz con el exmandatario izquierdista Gustavo Petro sin alcanzar ning\u00fan acuerdo.<\/p>\n\n\n\n<p class=\"wp-block-paragraph\">De la Espriella tambi\u00e9n enfrenta la violencia de las disidencias de las FARC que rechazaron el acuerdo de paz de 2016.<\/p>\n\n\n\n<p class=\"wp-block-paragraph\">La mayor facci\u00f3n de esta organizaci\u00f3n, conocida como Estado Mayor Central (EMC), secuestr\u00f3 el 6 de agosto a un colombiano que integra la legi\u00f3n extranjera del Ej\u00e9rcito de Francia.<\/p>\n\n\n\n<p class=\"wp-block-paragraph\">En un bolet\u00edn el fin de semana aseguraron que est\u00e1 vivo, pero responsabilizaron al presidente de &#8220;cualquier intento de operaci\u00f3n de rescate militar que ponga en peligro&#8221; su seguridad.<\/p>\n\n\n\n<p class=\"wp-block-paragraph\">Con el nuevo gobierno, Colombia ingres\u00f3 al Escudo de las Am\u00e9ricas, la coalici\u00f3n de pa\u00edses liderada por Trump para combatir al narcotr\u00e1fico en la regi\u00f3n.<\/p>\n","protected":false},"excerpt":{"rendered":"<p>AFP Un coche bomba atribuido a la guerrilla del ELN dej\u00f3 un civil muerto y once heridos en Colombia en una demostraci\u00f3n de fuerza de&hellip; <\/p>\n","protected":false},"author":12,"featured_media":103137,"comment_status":"closed","ping_status":"closed","sticky":false,"template":"","format":"standard","meta":{"footnotes":""},"categories":[1,26],"tags":[9241,1060],"class_list":["post-103136","post","type-post","status-publish","format-standard","has-post-thumbnail","hentry","category-destacados","category-noticias","tag-coche-bomba","tag-colombia"],"_links":{"self":[{"href":"https:\/\/megavision.com.sv\/web\/wp-json\/wp\/v2\/posts\/103136","targetHints":{"allow":["GET"]}}],"collection":[{"href":"https:\/\/megavision.com.sv\/web\/wp-json\/wp\/v2\/posts"}],"about":[{"href":"https:\/\/megavision.com.sv\/web\/wp-json\/wp\/v2\/types\/post"}],"author":[{"embeddable":true,"href":"https:\/\/megavision.com.sv\/web\/wp-json\/wp\/v2\/users\/12"}],"replies":[{"embeddable":true,"href":"https:\/\/megavision.com.sv\/web\/wp-json\/wp\/v2\/comments?post=103136"}],"version-history":[{"count":1,"href":"https:\/\/megavision.com.sv\/web\/wp-json\/wp\/v2\/posts\/103136\/revisions"}],"predecessor-version":[{"id":103138,"href":"https:\/\/megavision.com.sv\/web\/wp-json\/wp\/v2\/posts\/103136\/revisions\/103138"}],"wp:featuredmedia":[{"embeddable":true,"href":"https:\/\/megavision.com.sv\/web\/wp-json\/wp\/v2\/media\/103137"}],"wp:attachment":[{"href":"https:\/\/megavision.com.sv\/web\/wp-json\/wp\/v2\/media?parent=103136"}],"wp:term":[{"taxonomy":"category","embeddable":true,"href":"https:\/\/megavision.com.sv\/web\/wp-json\/wp\/v2\/categories?post=103136"},{"taxonomy":"post_tag","embeddable":true,"href":"https:\/\/megavision.com.sv\/web\/wp-json\/wp\/v2\/tags?post=103136"}],"curies":[{"name":"wp","href":"https:\/\/api.w.org\/{rel}","templated":true}]}}