{"id":103112,"date":"2026-08-31T09:30:50","date_gmt":"2026-08-31T15:30:50","guid":{"rendered":"https:\/\/megavision.com.sv\/web\/?p=103112"},"modified":"2026-08-31T09:30:50","modified_gmt":"2026-08-31T15:30:50","slug":"tres-menores-fallecen-en-bombardeo-mas-letal-ordenado-por-el-nuevo-gobierno-de-colombia","status":"publish","type":"post","link":"https:\/\/megavision.com.sv\/web\/tres-menores-fallecen-en-bombardeo-mas-letal-ordenado-por-el-nuevo-gobierno-de-colombia\/","title":{"rendered":"Tres menores fallecen en bombardeo m\u00e1s letal ordenado por el nuevo gobierno de Colombia"},"content":{"rendered":"\n<p class=\"wp-block-paragraph\">AFP<\/p>\n\n\n\n<p class=\"wp-block-paragraph\">Tres menores de edad fallecieron en un bombardeo el jueves en la Amazon\u00eda de Colombia contra una guerrilla, hasta ahora el ataque m\u00e1s letal ordenado por el nuevo gobierno de Abelardo de la Espriella, seg\u00fan la autoridad forense.<\/p>\n\n\n\n<p class=\"wp-block-paragraph\">Se trata del segundo ataque a\u00e9reo realizado por el Ej\u00e9rcito desde que el presidente derechista asumi\u00f3 el poder el 7 de agosto y deja un total de diez muertos.<\/p>\n\n\n\n<p class=\"wp-block-paragraph\">Nueve de los cuerpos ya fueron identificados y entre ellos tres eran menores de edad, indic\u00f3 Medicina Legal en un comunicado en la noche del domingo sin especificar su edad.<\/p>\n\n\n\n<p class=\"wp-block-paragraph\">&#8220;Los bandidos que durante d\u00e9cadas han reclutado menores para convertirlos en combatientes o en escudos humanos deben pagar por esos cr\u00edmenes que violan el Derecho Humanitario&#8221;, dijo en X De la Espriella el lunes a prop\u00f3sito de ese bombardeo.<\/p>\n\n\n\n<p class=\"wp-block-paragraph\">El mandatario lleg\u00f3 al poder con la promesa de enfrentar sin tregua a guerrilleros y narcotraficantes con el apoyo de sus aliados Estados Unidos e Israel.<\/p>\n\n\n\n<p class=\"wp-block-paragraph\">&#8220;Todo mi respaldo a las operaciones militares que combaten (&#8230;) a los grupos narcoterroristas&#8221;, agreg\u00f3.<\/p>\n\n\n\n<p class=\"wp-block-paragraph\">Seg\u00fan el ministerio de Defensa, dos de los menores ten\u00edan 15 a\u00f1os y otro, 16.<\/p>\n\n\n\n<p class=\"wp-block-paragraph\">El bombardeo tuvo lugar en la madrugada del jueves en el departamento del Guaviare, en el sur del pa\u00eds.<\/p>\n\n\n\n<p class=\"wp-block-paragraph\">Los abatidos integraban las filas de una disidencia de las FARC que rechazaron firmar el hist\u00f3rico acuerdo de paz en 2016.<\/p>\n\n\n\n<p class=\"wp-block-paragraph\">El a\u00f1o pasado se registraron 428 casos de reclutamiento de menores por parte de grupos armados, seg\u00fan la Defensor\u00eda del Pueblo.<\/p>\n\n\n\n<p class=\"wp-block-paragraph\">Este a\u00f1o, con corte al 31 de julio, ya van 97.<\/p>\n\n\n\n<p class=\"wp-block-paragraph\">De la Espriella inform\u00f3 el lunes sobre un tercer bombardeo en la misma zona contra otra disidencia de las FARC al mando de Iv\u00e1n Mordisco, el guerrillero m\u00e1s buscado de Colombia.<\/p>\n\n\n\n<p class=\"wp-block-paragraph\">Ocho integrantes de sus filas fueron abatidos, seg\u00fan el presidente, y todav\u00eda no se sabe si hab\u00eda menores de edad.<\/p>\n\n\n\n<p class=\"wp-block-paragraph\">Organizaciones defensoras de derechos humanos alertan sobre el impacto de los bombardeos en los ni\u00f1os v\u00edctimas de reclutamiento en zonas pobres y con m\u00ednima presencia del Estado.<\/p>\n","protected":false},"excerpt":{"rendered":"<p>AFP Tres menores de edad fallecieron en un bombardeo el jueves en la Amazon\u00eda de Colombia contra una guerrilla, hasta ahora el ataque m\u00e1s letal&hellip; <\/p>\n","protected":false},"author":12,"featured_media":103113,"comment_status":"closed","ping_status":"closed","sticky":false,"template":"","format":"standard","meta":{"footnotes":""},"categories":[1,26],"tags":[1060,6964],"class_list":["post-103112","post","type-post","status-publish","format-standard","has-post-thumbnail","hentry","category-destacados","category-noticias","tag-colombia","tag-guerrilla"],"_links":{"self":[{"href":"https:\/\/megavision.com.sv\/web\/wp-json\/wp\/v2\/posts\/103112","targetHints":{"allow":["GET"]}}],"collection":[{"href":"https:\/\/megavision.com.sv\/web\/wp-json\/wp\/v2\/posts"}],"about":[{"href":"https:\/\/megavision.com.sv\/web\/wp-json\/wp\/v2\/types\/post"}],"author":[{"embeddable":true,"href":"https:\/\/megavision.com.sv\/web\/wp-json\/wp\/v2\/users\/12"}],"replies":[{"embeddable":true,"href":"https:\/\/megavision.com.sv\/web\/wp-json\/wp\/v2\/comments?post=103112"}],"version-history":[{"count":1,"href":"https:\/\/megavision.com.sv\/web\/wp-json\/wp\/v2\/posts\/103112\/revisions"}],"predecessor-version":[{"id":103114,"href":"https:\/\/megavision.com.sv\/web\/wp-json\/wp\/v2\/posts\/103112\/revisions\/103114"}],"wp:featuredmedia":[{"embeddable":true,"href":"https:\/\/megavision.com.sv\/web\/wp-json\/wp\/v2\/media\/103113"}],"wp:attachment":[{"href":"https:\/\/megavision.com.sv\/web\/wp-json\/wp\/v2\/media?parent=103112"}],"wp:term":[{"taxonomy":"category","embeddable":true,"href":"https:\/\/megavision.com.sv\/web\/wp-json\/wp\/v2\/categories?post=103112"},{"taxonomy":"post_tag","embeddable":true,"href":"https:\/\/megavision.com.sv\/web\/wp-json\/wp\/v2\/tags?post=103112"}],"curies":[{"name":"wp","href":"https:\/\/api.w.org\/{rel}","templated":true}]}}