{"id":103060,"date":"2026-08-27T11:40:11","date_gmt":"2026-08-27T17:40:11","guid":{"rendered":"https:\/\/megavision.com.sv\/web\/?p=103060"},"modified":"2026-08-27T11:40:11","modified_gmt":"2026-08-27T17:40:11","slug":"dos-muertos-en-incidente-violento-en-una-escuela-cerca-de-berlin-segun-medios-locales","status":"publish","type":"post","link":"https:\/\/megavision.com.sv\/web\/dos-muertos-en-incidente-violento-en-una-escuela-cerca-de-berlin-segun-medios-locales\/","title":{"rendered":"Dos muertos en &#8220;incidente violento&#8221; en una escuela cerca de Berl\u00edn, seg\u00fan medios locales"},"content":{"rendered":"\n<p class=\"wp-block-paragraph\">AFP<\/p>\n\n\n\n<p class=\"wp-block-paragraph\">Dos personas murieron en un &#8220;incidente violento&#8221; ocurrido en una escuela cerca de Berl\u00edn, informaron medios locales el jueves, que se\u00f1alaron que las v\u00edctimas eran una estudiante de 18 a\u00f1os y un hombre de 30 a\u00f1os.<\/p>\n\n\n\n<p class=\"wp-block-paragraph\">La emisora p\u00fablica regional RBB y un diario local informaron que se hab\u00eda activado una alarma en un instituto de la localidad de Gosen Neu Zittau, a las afueras de la capital alemana.<\/p>\n\n\n\n<p class=\"wp-block-paragraph\">El peri\u00f3dico&nbsp;Maerkische Allgemeine Zeitung&nbsp;indic\u00f3 en su edici\u00f3n digital que el detenido ten\u00eda 19 a\u00f1os y era el exnovio de la v\u00edctima.<\/p>\n\n\n\n<p class=\"wp-block-paragraph\">Seg\u00fan el diario, el hombre de 30 a\u00f1os muri\u00f3 cuando intent\u00f3 intervenir, sin precisar si se utiliz\u00f3 alg\u00fan arma ni si hubo otras personas heridas.<\/p>\n\n\n\n<p class=\"wp-block-paragraph\">La polic\u00eda hab\u00eda confirmado anteriormente que dos personas hab\u00edan sufrido heridas graves, que los agentes se encontraban en el lugar y que un sospechoso hab\u00eda sido detenido.<\/p>\n\n\n\n<p class=\"wp-block-paragraph\">Las im\u00e1genes tomadas en las calles cercanas al instituto privado mostraban una ambulancia y numerosos veh\u00edculos de los servicios de emergencia. Tambi\u00e9n fueron desplegados helic\u00f3pteros de rescate.<\/p>\n","protected":false},"excerpt":{"rendered":"<p>AFP Dos personas murieron en un &#8220;incidente violento&#8221; ocurrido en una escuela cerca de Berl\u00edn, informaron medios locales el jueves, que se\u00f1alaron que las v\u00edctimas&hellip; <\/p>\n","protected":false},"author":12,"featured_media":103061,"comment_status":"closed","ping_status":"closed","sticky":false,"template":"","format":"standard","meta":{"footnotes":""},"categories":[1,26],"tags":[],"class_list":["post-103060","post","type-post","status-publish","format-standard","has-post-thumbnail","hentry","category-destacados","category-noticias"],"_links":{"self":[{"href":"https:\/\/megavision.com.sv\/web\/wp-json\/wp\/v2\/posts\/103060","targetHints":{"allow":["GET"]}}],"collection":[{"href":"https:\/\/megavision.com.sv\/web\/wp-json\/wp\/v2\/posts"}],"about":[{"href":"https:\/\/megavision.com.sv\/web\/wp-json\/wp\/v2\/types\/post"}],"author":[{"embeddable":true,"href":"https:\/\/megavision.com.sv\/web\/wp-json\/wp\/v2\/users\/12"}],"replies":[{"embeddable":true,"href":"https:\/\/megavision.com.sv\/web\/wp-json\/wp\/v2\/comments?post=103060"}],"version-history":[{"count":1,"href":"https:\/\/megavision.com.sv\/web\/wp-json\/wp\/v2\/posts\/103060\/revisions"}],"predecessor-version":[{"id":103062,"href":"https:\/\/megavision.com.sv\/web\/wp-json\/wp\/v2\/posts\/103060\/revisions\/103062"}],"wp:featuredmedia":[{"embeddable":true,"href":"https:\/\/megavision.com.sv\/web\/wp-json\/wp\/v2\/media\/103061"}],"wp:attachment":[{"href":"https:\/\/megavision.com.sv\/web\/wp-json\/wp\/v2\/media?parent=103060"}],"wp:term":[{"taxonomy":"category","embeddable":true,"href":"https:\/\/megavision.com.sv\/web\/wp-json\/wp\/v2\/categories?post=103060"},{"taxonomy":"post_tag","embeddable":true,"href":"https:\/\/megavision.com.sv\/web\/wp-json\/wp\/v2\/tags?post=103060"}],"curies":[{"name":"wp","href":"https:\/\/api.w.org\/{rel}","templated":true}]}}