{"id":103055,"date":"2026-08-27T16:28:13","date_gmt":"2026-08-27T22:28:13","guid":{"rendered":"https:\/\/megavision.com.sv\/web\/?p=103055"},"modified":"2026-08-27T16:28:13","modified_gmt":"2026-08-27T22:28:13","slug":"proteccion-civil-declara-alerta-roja-por-sequia-y-altas-temperaturas","status":"publish","type":"post","link":"https:\/\/megavision.com.sv\/web\/proteccion-civil-declara-alerta-roja-por-sequia-y-altas-temperaturas\/","title":{"rendered":"Protecci\u00f3n Civil declara alerta roja por sequ\u00eda y altas temperaturas"},"content":{"rendered":"\n<p class=\"wp-block-paragraph\">La Direcci\u00f3n General de Protecci\u00f3n Civil ha tomado en cuenta el d\u00e9ficit de lluvias y los registros r\u00e9cord de temperatura para determinar la declaratoria de alerta roja ante las condiciones clim\u00e1ticas que afectan al pa\u00eds.<\/p>\n\n\n\n<blockquote class=\"twitter-tweet\"><p lang=\"es\" dir=\"ltr\"><a href=\"https:\/\/x.com\/hashtag\/Di%C3%A1logo21?src=hash&amp;ref_src=twsrc%5Etfw\">#Di\u00e1logo21<\/a> | \u201cLas alertas son un estado declarado para implementar acciones de prevenci\u00f3n, preparaci\u00f3n y respuesta ante los posibles eventos que pudieran darse a ra\u00edz de esta situaci\u00f3n\u201d, explic\u00f3 Ferm\u00edn P\u00e9rez, subdirector de Protecci\u00f3n Civil. <a href=\"https:\/\/t.co\/tDVhwrSkUO\">pic.twitter.com\/tDVhwrSkUO<\/a><\/p>&mdash; Di\u00e1logo &#8211; GMV (@dialogo21) <a href=\"https:\/\/x.com\/dialogo21\/status\/2093000430611570952?ref_src=twsrc%5Etfw\">August 27, 2026<\/a><\/blockquote> <script async src=\"https:\/\/platform.x.com\/widgets.js\" charset=\"utf-8\"><\/script>\n\n\n\n<p class=\"wp-block-paragraph\">Ferm\u00edn P\u00e9rez, subdirector de Protecci\u00f3n Civil, explic\u00f3 que entre el 1 de enero y el 25 de agosto se acumularon 772.7 mil\u00edmetros de lluvia, cifra que representa un d\u00e9ficit del 35.7 % respecto al promedio acumulado para este periodo. Las regiones oriental y paracentral presentan los menores registros de precipitaciones.<\/p>\n\n\n\n<p class=\"wp-block-paragraph\">P\u00e9rez tambi\u00e9n se\u00f1al\u00f3 que se han registrado temperaturas de hasta 44 \u00b0C en Santa Rosa de Lima, adem\u00e1s de 41 \u00b0C en San Francisco Gotera, 40 \u00b0C en el puente Cuscatl\u00e1n y 39.8 \u00b0C en Cerr\u00f3n Grande. Estos registros fueron considerados para establecer la alerta roja.<\/p>\n\n\n\n<blockquote class=\"twitter-tweet\"><p lang=\"es\" dir=\"ltr\"><a href=\"https:\/\/x.com\/hashtag\/Di%C3%A1logo21?src=hash&amp;ref_src=twsrc%5Etfw\">#Di\u00e1logo21<\/a> | \u201cHemos tenido registros r\u00e9cord de temperatura en nuestro pa\u00eds: 41 \u00b0C en San Francisco Gotera, 40 \u00b0C en el puente Cuscatl\u00e1n, 39.8 \u00b0C en Cerr\u00f3n Grande y 44 \u00b0C en Santa Rosa de Lima. Todo esto se ha tomado en cuenta para determinar la alerta roja\u201d, explic\u00f3 Ferm\u00edn P\u00e9rez,\u2026 <a href=\"https:\/\/t.co\/UAvJCMpLVV\">pic.twitter.com\/UAvJCMpLVV<\/a><\/p>&mdash; Di\u00e1logo &#8211; GMV (@dialogo21) <a href=\"https:\/\/x.com\/dialogo21\/status\/2093002129568944334?ref_src=twsrc%5Etfw\">August 27, 2026<\/a><\/blockquote> <script async src=\"https:\/\/platform.x.com\/widgets.js\" charset=\"utf-8\"><\/script>\n\n\n\n<p class=\"wp-block-paragraph\">Ante este escenario, Protecci\u00f3n Civil actualiz\u00f3 el Plan Nacional de Contingencia para Fen\u00f3menos Hidroclim\u00e1ticos, que contempla acciones relacionadas con la sequ\u00eda, lluvias, crecidas e inundaciones. La instituci\u00f3n busca fortalecer las medidas de prevenci\u00f3n, preparaci\u00f3n y respuesta ante posibles emergencias.<\/p>\n","protected":false},"excerpt":{"rendered":"<p>La Direcci\u00f3n General de Protecci\u00f3n Civil ha tomado en cuenta el d\u00e9ficit de lluvias y los registros r\u00e9cord de temperatura para determinar la declaratoria de&hellip; <\/p>\n","protected":false},"author":12,"featured_media":103056,"comment_status":"closed","ping_status":"closed","sticky":false,"template":"","format":"standard","meta":{"footnotes":""},"categories":[1,27],"tags":[],"class_list":["post-103055","post","type-post","status-publish","format-standard","has-post-thumbnail","hentry","category-destacados","category-entrevista"],"_links":{"self":[{"href":"https:\/\/megavision.com.sv\/web\/wp-json\/wp\/v2\/posts\/103055","targetHints":{"allow":["GET"]}}],"collection":[{"href":"https:\/\/megavision.com.sv\/web\/wp-json\/wp\/v2\/posts"}],"about":[{"href":"https:\/\/megavision.com.sv\/web\/wp-json\/wp\/v2\/types\/post"}],"author":[{"embeddable":true,"href":"https:\/\/megavision.com.sv\/web\/wp-json\/wp\/v2\/users\/12"}],"replies":[{"embeddable":true,"href":"https:\/\/megavision.com.sv\/web\/wp-json\/wp\/v2\/comments?post=103055"}],"version-history":[{"count":1,"href":"https:\/\/megavision.com.sv\/web\/wp-json\/wp\/v2\/posts\/103055\/revisions"}],"predecessor-version":[{"id":103057,"href":"https:\/\/megavision.com.sv\/web\/wp-json\/wp\/v2\/posts\/103055\/revisions\/103057"}],"wp:featuredmedia":[{"embeddable":true,"href":"https:\/\/megavision.com.sv\/web\/wp-json\/wp\/v2\/media\/103056"}],"wp:attachment":[{"href":"https:\/\/megavision.com.sv\/web\/wp-json\/wp\/v2\/media?parent=103055"}],"wp:term":[{"taxonomy":"category","embeddable":true,"href":"https:\/\/megavision.com.sv\/web\/wp-json\/wp\/v2\/categories?post=103055"},{"taxonomy":"post_tag","embeddable":true,"href":"https:\/\/megavision.com.sv\/web\/wp-json\/wp\/v2\/tags?post=103055"}],"curies":[{"name":"wp","href":"https:\/\/api.w.org\/{rel}","templated":true}]}}