{"id":100745,"date":"2026-04-29T08:51:52","date_gmt":"2026-04-29T14:51:52","guid":{"rendered":"https:\/\/megavision.com.sv\/web\/?p=100745"},"modified":"2026-04-29T08:51:52","modified_gmt":"2026-04-29T14:51:52","slug":"guerrilleros-asumen-autoria-de-atentado-con-21-muertos-en-colombia","status":"publish","type":"post","link":"https:\/\/megavision.com.sv\/web\/guerrilleros-asumen-autoria-de-atentado-con-21-muertos-en-colombia\/","title":{"rendered":"Guerrilleros asumen autor\u00eda de atentado con 21 muertos en Colombia"},"content":{"rendered":"\n<p>AFP<\/p>\n\n\n\n<p>Guerrilleros disidentes de las extintas FARC asumieron con &#8220;dolor&#8221; la autor\u00eda del atentado que, por un &#8220;error t\u00e1ctico&#8221;, caus\u00f3 21 civiles muertos en Colombia el fin de semana, a poco m\u00e1s de un mes de las elecciones presidenciales.<\/p>\n\n\n\n<p>El Estado Mayor Central (EMC), la principal de miembros de las FARC que no firmaron el acuerdo de paz de 2016, asegur\u00f3 la noche del martes en un comunicado que el hecho ocurri\u00f3 en medio de combates con el ej\u00e9rcito y se debi\u00f3 a &#8220;errores&#8221; en sus maniobras militares.<\/p>\n\n\n\n<p>&#8220;Con profundo dolor debemos asumir la responsabilidad pol\u00edtica por este error t\u00e1ctico, que no tiene justificaci\u00f3n alguna&#8221;, se\u00f1ala el texto.<\/p>\n\n\n\n<p>Explosivos activados por los rebeldes el s\u00e1bado en una carretera del departamento del Cauca (suroeste) tambi\u00e9n causaron 56 heridos.<\/p>\n\n\n\n<p>Se trata del ataque guerrillero m\u00e1s violento contra civiles en dos d\u00e9cadas, y que se produjo a poco m\u00e1s de un mes de la primera vuelta de las presidenciales del 31 de mayo en las que el candidato de la izquierda gobernante es favorito.<\/p>\n\n\n\n<p>Una fuente del ej\u00e9rcito dijo a la AFP que los guerrilleros hab\u00edan instalado un puesto de control en la carretera para tender una emboscada a militares.<\/p>\n\n\n\n<p>El ministro de Defensa, Pedro S\u00e1nchez, afirm\u00f3 que se trata de una represalia tras la presi\u00f3n militar, luego de las fallidas negociaciones de paz entre el presidente Gustavo Petro e Iv\u00e1n Mordisco, l\u00edder del EMC y el guerrillero m\u00e1s buscado del pa\u00eds.<\/p>\n\n\n\n<p>El principal responsable del atentado, alias &#8220;Mi Pez&#8221;, fue capturado el martes.<\/p>\n\n\n\n<p>El mandatario asegur\u00f3 que el atentado buscaba &#8220;sabotear las elecciones&#8221; en las que la izquierda busca conservar el poder tras llegar a la presidencia por primera vez en 2022.<\/p>\n\n\n\n<p>Iv\u00e1n Cepeda, candidato del partido de Petro, es favorito en las encuestas para los comicios, en los que enfrenta al abogado derechista Abelardo de la Espriella y a la opositora Paloma Valencia.<\/p>\n\n\n\n<p>La senadora propuso recientemente como su ministro de Defensa al expresidente \u00c1lvaro Uribe (2002-2010), que durante su gobierno diezm\u00f3 a las guerrillas con una fuerte arremetida de la mano de Estados Unidos.<\/p>\n","protected":false},"excerpt":{"rendered":"<p>AFP Guerrilleros disidentes de las extintas FARC asumieron con &#8220;dolor&#8221; la autor\u00eda del atentado que, por un &#8220;error t\u00e1ctico&#8221;, caus\u00f3 21 civiles muertos en Colombia&hellip; <\/p>\n","protected":false},"author":12,"featured_media":100746,"comment_status":"closed","ping_status":"closed","sticky":false,"template":"","format":"standard","meta":{"footnotes":""},"categories":[1,26],"tags":[1060,8630],"class_list":["post-100745","post","type-post","status-publish","format-standard","has-post-thumbnail","hentry","category-destacados","category-noticias","tag-colombia","tag-guerrillas"],"_links":{"self":[{"href":"https:\/\/megavision.com.sv\/web\/wp-json\/wp\/v2\/posts\/100745","targetHints":{"allow":["GET"]}}],"collection":[{"href":"https:\/\/megavision.com.sv\/web\/wp-json\/wp\/v2\/posts"}],"about":[{"href":"https:\/\/megavision.com.sv\/web\/wp-json\/wp\/v2\/types\/post"}],"author":[{"embeddable":true,"href":"https:\/\/megavision.com.sv\/web\/wp-json\/wp\/v2\/users\/12"}],"replies":[{"embeddable":true,"href":"https:\/\/megavision.com.sv\/web\/wp-json\/wp\/v2\/comments?post=100745"}],"version-history":[{"count":1,"href":"https:\/\/megavision.com.sv\/web\/wp-json\/wp\/v2\/posts\/100745\/revisions"}],"predecessor-version":[{"id":100747,"href":"https:\/\/megavision.com.sv\/web\/wp-json\/wp\/v2\/posts\/100745\/revisions\/100747"}],"wp:featuredmedia":[{"embeddable":true,"href":"https:\/\/megavision.com.sv\/web\/wp-json\/wp\/v2\/media\/100746"}],"wp:attachment":[{"href":"https:\/\/megavision.com.sv\/web\/wp-json\/wp\/v2\/media?parent=100745"}],"wp:term":[{"taxonomy":"category","embeddable":true,"href":"https:\/\/megavision.com.sv\/web\/wp-json\/wp\/v2\/categories?post=100745"},{"taxonomy":"post_tag","embeddable":true,"href":"https:\/\/megavision.com.sv\/web\/wp-json\/wp\/v2\/tags?post=100745"}],"curies":[{"name":"wp","href":"https:\/\/api.w.org\/{rel}","templated":true}]}}